{"id":79289,"date":"2025-08-11T06:55:18","date_gmt":"2025-08-11T10:55:18","guid":{"rendered":"https:\/\/jms.com.bo\/mediamonitor\/2025\/08\/11\/indigenas-activan-bloqueo-de-una-via-internacional\/"},"modified":"2025-08-11T06:55:18","modified_gmt":"2025-08-11T10:55:18","slug":"indigenas-activan-bloqueo-de-una-via-internacional","status":"publish","type":"post","link":"https:\/\/jms.com.bo\/mediamonitor\/2025\/08\/11\/indigenas-activan-bloqueo-de-una-via-internacional\/","title":{"rendered":"Ind\u00edgenas activan bloqueo de una v\u00eda internacional"},"content":{"rendered":"<p style=\"text-align: justify;\">Comunarios de Charagua, en el departamento de Santa Cruz, anunciaron que este lunes activar\u00e1n un bloqueo en una carretera internacional, exigiendo que el Gobierno cancele una deuda que tiene con una empresa encargada de la construcci\u00f3n de un m\u00f3dulo educativo.<\/p>\n<p style=\"text-align: justify;\">\u201cEntramos en bloqueo indefinido, y toma de pozo y cierre de v\u00e1lvulas exigiendo al Ministerio de Econom\u00eda y Finanzas que d\u00e9 cumplimiento a la cancelaci\u00f3n de las dos planillas que se deben a la empresa que se adjudic\u00f3 el m\u00f3dulo educativo\u201d, manifest\u00f3 Alfonzo Carrillo, representante de la comunidad ind\u00edgena San Isidro.<\/p>\n<p style=\"text-align: justify;\">Seg\u00fan conoci\u00f3 Unitel, el bloqueo se instalar\u00e1 en alg\u00fan punto del tramo de la carretera Espino-Charagua-Boyuibe. Esta v\u00eda conecta a Bolivia con Paraguay y Argentina.<\/p>\n","protected":false},"excerpt":{"rendered":"<p>Comunarios de Charagua, en el departamento de Santa Cruz, anunciaron que este lunes activar\u00e1n un bloqueo en una carretera internacional, exigiendo que el Gobierno cancele una deuda que tiene con una empresa encargada de la construcci\u00f3n de un m\u00f3dulo educativo. \u201cEntramos en bloqueo indefinido, y toma de pozo y cierre de v\u00e1lvulas exigiendo al Ministerio [&hellip;]<\/p>\n","protected":false},"author":2,"featured_media":77360,"comment_status":"closed","ping_status":"open","sticky":false,"template":"","format":"standard","meta":{"footnotes":""},"categories":[49],"tags":[],"class_list":{"0":"post-79289","1":"post","2":"type-post","3":"status-publish","4":"format-standard","5":"has-post-thumbnail","7":"category-social"},"_links":{"self":[{"href":"https:\/\/jms.com.bo\/mediamonitor\/wp-json\/wp\/v2\/posts\/79289","targetHints":{"allow":["GET"]}}],"collection":[{"href":"https:\/\/jms.com.bo\/mediamonitor\/wp-json\/wp\/v2\/posts"}],"about":[{"href":"https:\/\/jms.com.bo\/mediamonitor\/wp-json\/wp\/v2\/types\/post"}],"author":[{"embeddable":true,"href":"https:\/\/jms.com.bo\/mediamonitor\/wp-json\/wp\/v2\/users\/2"}],"replies":[{"embeddable":true,"href":"https:\/\/jms.com.bo\/mediamonitor\/wp-json\/wp\/v2\/comments?post=79289"}],"version-history":[{"count":0,"href":"https:\/\/jms.com.bo\/mediamonitor\/wp-json\/wp\/v2\/posts\/79289\/revisions"}],"wp:featuredmedia":[{"embeddable":true,"href":"https:\/\/jms.com.bo\/mediamonitor\/wp-json\/wp\/v2\/media\/77360"}],"wp:attachment":[{"href":"https:\/\/jms.com.bo\/mediamonitor\/wp-json\/wp\/v2\/media?parent=79289"}],"wp:term":[{"taxonomy":"category","embeddable":true,"href":"https:\/\/jms.com.bo\/mediamonitor\/wp-json\/wp\/v2\/categories?post=79289"},{"taxonomy":"post_tag","embeddable":true,"href":"https:\/\/jms.com.bo\/mediamonitor\/wp-json\/wp\/v2\/tags?post=79289"}],"curies":[{"name":"wp","href":"https:\/\/api.w.org\/{rel}","templated":true}]}}