{"id":79290,"date":"2025-08-11T07:00:00","date_gmt":"2025-08-11T11:00:00","guid":{"rendered":"https:\/\/jms.com.bo\/mediamonitor\/2025\/08\/11\/educacion-llama-a-activar-medidas-de-bioseguridad-para-un-retorno-seguro-a-clases\/"},"modified":"2025-08-11T07:00:00","modified_gmt":"2025-08-11T11:00:00","slug":"educacion-llama-a-activar-medidas-de-bioseguridad-para-un-retorno-seguro-a-clases","status":"publish","type":"post","link":"https:\/\/jms.com.bo\/mediamonitor\/2025\/08\/11\/educacion-llama-a-activar-medidas-de-bioseguridad-para-un-retorno-seguro-a-clases\/","title":{"rendered":"Educaci\u00f3n llama a activar medidas de bioseguridad para un retorno seguro a clases"},"content":{"rendered":"<p style=\"text-align: justify;\">Para el retorno seguro a clases presenciales a partir de este lunes, la comunidad educativa debe activar las medidas de bioseguridad contra sarampi\u00f3n en las unidades educativas y los estudiantes deben portar su carnet de vacunaci\u00f3n, afirm\u00f3 este domingo el viceministro de Educaci\u00f3n Regular, Eudal Tejerina.<\/p>\n<p style=\"text-align: justify;\">Este lunes se retoman las actividades escolares en la modalidad presencial en todo el pa\u00eds, excepto en los municipios donde se reporten casos activos de sarampi\u00f3n.<\/p>\n<p style=\"text-align: justify;\">\u201cEs importante la aplicaci\u00f3n de los insumos de bioseguridad, como el uso del barbijo, el uso del alcohol en gel, el distanciamiento, el lavado de manos, los ambientes deben estar ventilados, tambi\u00e9n se ha recomendado a los municipios que hagan el mejoramiento de las condiciones de infraestructura para dar seguridad a nuestros estudiantes\u201d, explic\u00f3 el viceministro en una entrevista con Bolivia Tv.<\/p>\n<p style=\"text-align: justify;\">Record\u00f3 que, con el prop\u00f3sito de reforzar la prevenci\u00f3n y garantizar condiciones seguras para el retorno a clases, los ministerios de Salud y de Educaci\u00f3n elaboraron un protocolo espec\u00edfico de bioseguridad ante el brote de sarampi\u00f3n para su aplicaci\u00f3n en las unidades educativas. El protocolo cuenta con una Resoluci\u00f3n Biministerial y se encuentra en proceso de socializaci\u00f3n con la comunidad educativa para que se conozca las tareas que corresponden a los estudiantes, padres de familia y profesores.<\/p>\n<p style=\"text-align: justify;\">Entre las medidas establecidas en el Protocolo de bioseguridad contra la enfermedad viral, las unidades educativas deben promover la vacunaci\u00f3n contra el sarampi\u00f3n, activar las comisiones de salud, reforzar la limpieza, entre otras.<\/p>\n<p style=\"text-align: justify;\">Asimismo, el protocolo se\u00f1ala como filtros de control para detectar posibles casos de la enfermedad: los padres de familia en las casas y el portero y el maestro en las unidades educativas.<\/p>\n<p style=\"text-align: justify;\">Tejerina reiter\u00f3 que los ni\u00f1os deben presentar su carnet de vacunaci\u00f3n para identificar a los menores que se inmunizaron contra el sarampi\u00f3n y aquellos que no; sin embargo, no se les prohibir\u00e1 el ingreso a clases a los estudiantes que no porten el documento.<\/p>\n<p style=\"text-align: justify;\">\u201cLa presentaci\u00f3n del carnet de vacunaci\u00f3n tiene car\u00e1cter obligatorio para identificar a quienes no tendr\u00edan las vacunas correspondientes y obviamente coadyuvaremos para que los estudiantes que no est\u00e1n vacunados puedan completar sus vacunas\u201d, dijo.<\/p>\n<p style=\"text-align: justify;\">Se\u00f1al\u00f3 que la cartera de Estado recibe reportes diarios de las Direcciones Departamentales y Distritales de Educaci\u00f3n para estar alertas ante una eventual notificaci\u00f3n de los Servicios Departamentales de Salud sobre casos positivos de sarampi\u00f3n para activar el cambio inmediato de modalidad a distancia en la unidad educativa.<\/p>\n<p style=\"text-align: justify;\">El Sarampi\u00f3n es una enfermedad viral altamente contagiosa, que afecta principalmente a ni\u00f1as y ni\u00f1os. Por ello la vacunaci\u00f3n con las dosis de SRP y SR se aplican a ni\u00f1as y ni\u00f1os de 1 a 14 a\u00f1os de edad.<\/p>\n","protected":false},"excerpt":{"rendered":"<p>Para el retorno seguro a clases presenciales a partir de este lunes, la comunidad educativa debe activar las medidas de bioseguridad contra sarampi\u00f3n en las unidades educativas y los estudiantes deben portar su carnet de vacunaci\u00f3n, afirm\u00f3 este domingo el viceministro de Educaci\u00f3n Regular, Eudal Tejerina. Este lunes se retoman las actividades escolares en la [&hellip;]<\/p>\n","protected":false},"author":2,"featured_media":79291,"comment_status":"closed","ping_status":"open","sticky":false,"template":"","format":"standard","meta":{"footnotes":""},"categories":[20],"tags":[],"class_list":{"0":"post-79290","1":"post","2":"type-post","3":"status-publish","4":"format-standard","5":"has-post-thumbnail","7":"category-actualidad"},"_links":{"self":[{"href":"https:\/\/jms.com.bo\/mediamonitor\/wp-json\/wp\/v2\/posts\/79290","targetHints":{"allow":["GET"]}}],"collection":[{"href":"https:\/\/jms.com.bo\/mediamonitor\/wp-json\/wp\/v2\/posts"}],"about":[{"href":"https:\/\/jms.com.bo\/mediamonitor\/wp-json\/wp\/v2\/types\/post"}],"author":[{"embeddable":true,"href":"https:\/\/jms.com.bo\/mediamonitor\/wp-json\/wp\/v2\/users\/2"}],"replies":[{"embeddable":true,"href":"https:\/\/jms.com.bo\/mediamonitor\/wp-json\/wp\/v2\/comments?post=79290"}],"version-history":[{"count":0,"href":"https:\/\/jms.com.bo\/mediamonitor\/wp-json\/wp\/v2\/posts\/79290\/revisions"}],"wp:featuredmedia":[{"embeddable":true,"href":"https:\/\/jms.com.bo\/mediamonitor\/wp-json\/wp\/v2\/media\/79291"}],"wp:attachment":[{"href":"https:\/\/jms.com.bo\/mediamonitor\/wp-json\/wp\/v2\/media?parent=79290"}],"wp:term":[{"taxonomy":"category","embeddable":true,"href":"https:\/\/jms.com.bo\/mediamonitor\/wp-json\/wp\/v2\/categories?post=79290"},{"taxonomy":"post_tag","embeddable":true,"href":"https:\/\/jms.com.bo\/mediamonitor\/wp-json\/wp\/v2\/tags?post=79290"}],"curies":[{"name":"wp","href":"https:\/\/api.w.org\/{rel}","templated":true}]}}