{"id":79292,"date":"2025-08-11T07:02:23","date_gmt":"2025-08-11T11:02:23","guid":{"rendered":"https:\/\/jms.com.bo\/mediamonitor\/2025\/08\/11\/arce-y-lula-firman-convenio-para-la-construccion-del-puente-binacional-sobre-el-rio-mamore\/"},"modified":"2025-08-11T07:02:23","modified_gmt":"2025-08-11T11:02:23","slug":"arce-y-lula-firman-convenio-para-la-construccion-del-puente-binacional-sobre-el-rio-mamore","status":"publish","type":"post","link":"https:\/\/jms.com.bo\/mediamonitor\/2025\/08\/11\/arce-y-lula-firman-convenio-para-la-construccion-del-puente-binacional-sobre-el-rio-mamore\/","title":{"rendered":"Arce y Lula firman convenio para la construcci\u00f3n del puente binacional sobre el r\u00edo Mamor\u00e9"},"content":{"rendered":"<p style=\"text-align: justify;\">Autoridades de Bolivia y Brasil firmaron este viernes en Porto Velho el contrato de construcci\u00f3n del puente sobre el r\u00edo Mamor\u00e9, entre Guayaramer\u00edn, Beni, y Guajar\u00e1 \u2013 Mirim en Rond\u00f4nia.<\/p>\n<p style=\"text-align: justify;\">En un acto desarrollado con su hom\u00f3logo de Brasil, Luiz In\u00e1cio Lula da Silva, el mandatario boliviano Luis Arce consider\u00f3 que el hecho se constituye en un homenaje al Bicentenario de Bolivia que se celebr\u00f3 el 6 de agosto.<\/p>\n<p style=\"text-align: justify;\">\u201cEsta obra, m\u00e1s all\u00e1 de la infraestructura, es un s\u00edmbolo de integraci\u00f3n que fortalecer\u00e1 nuestra relaci\u00f3n, una relaci\u00f3n de hermandad entre dos pa\u00edses y pueblos hermanos (sic)\u201d, public\u00f3 Arce en sus redes sociales.<\/p>\n<p style=\"text-align: justify;\">Seg\u00fan datos t\u00e9cnicos, el puente binacional tendr\u00e1 una extensi\u00f3n de m\u00e1s de 1.200 metros y su construcci\u00f3n tomar\u00e1 cerca de tres a\u00f1os. La obra se concretar\u00e1 en cumplimiento del Tratado de Petr\u00f3polis de 1903.<\/p>\n<p style=\"text-align: justify;\">El puente garantizar\u00e1 la navegabilidad sobre el r\u00edo Mamor\u00e9, conectar\u00e1 a ambas regiones y se proyecta como un eje estrat\u00e9gico para el comercio binacional, la conectividad amaz\u00f3nica y el desarrollo econ\u00f3mico.<\/p>\n<p style=\"text-align: justify;\">La ejecuci\u00f3n ser\u00e1 en dos etapas, una que incluy\u00f3 la elaboraci\u00f3n de los proyectos b\u00e1sicos ejecutivos y la segunda de ejecuci\u00f3n de obras.<\/p>\n","protected":false},"excerpt":{"rendered":"<p>Autoridades de Bolivia y Brasil firmaron este viernes en Porto Velho el contrato de construcci\u00f3n del puente sobre el r\u00edo Mamor\u00e9, entre Guayaramer\u00edn, Beni, y Guajar\u00e1 \u2013 Mirim en Rond\u00f4nia. En un acto desarrollado con su hom\u00f3logo de Brasil, Luiz In\u00e1cio Lula da Silva, el mandatario boliviano Luis Arce consider\u00f3 que el hecho se constituye [&hellip;]<\/p>\n","protected":false},"author":2,"featured_media":79293,"comment_status":"closed","ping_status":"open","sticky":false,"template":"","format":"standard","meta":{"footnotes":""},"categories":[20],"tags":[],"class_list":{"0":"post-79292","1":"post","2":"type-post","3":"status-publish","4":"format-standard","5":"has-post-thumbnail","7":"category-actualidad"},"_links":{"self":[{"href":"https:\/\/jms.com.bo\/mediamonitor\/wp-json\/wp\/v2\/posts\/79292","targetHints":{"allow":["GET"]}}],"collection":[{"href":"https:\/\/jms.com.bo\/mediamonitor\/wp-json\/wp\/v2\/posts"}],"about":[{"href":"https:\/\/jms.com.bo\/mediamonitor\/wp-json\/wp\/v2\/types\/post"}],"author":[{"embeddable":true,"href":"https:\/\/jms.com.bo\/mediamonitor\/wp-json\/wp\/v2\/users\/2"}],"replies":[{"embeddable":true,"href":"https:\/\/jms.com.bo\/mediamonitor\/wp-json\/wp\/v2\/comments?post=79292"}],"version-history":[{"count":0,"href":"https:\/\/jms.com.bo\/mediamonitor\/wp-json\/wp\/v2\/posts\/79292\/revisions"}],"wp:featuredmedia":[{"embeddable":true,"href":"https:\/\/jms.com.bo\/mediamonitor\/wp-json\/wp\/v2\/media\/79293"}],"wp:attachment":[{"href":"https:\/\/jms.com.bo\/mediamonitor\/wp-json\/wp\/v2\/media?parent=79292"}],"wp:term":[{"taxonomy":"category","embeddable":true,"href":"https:\/\/jms.com.bo\/mediamonitor\/wp-json\/wp\/v2\/categories?post=79292"},{"taxonomy":"post_tag","embeddable":true,"href":"https:\/\/jms.com.bo\/mediamonitor\/wp-json\/wp\/v2\/tags?post=79292"}],"curies":[{"name":"wp","href":"https:\/\/api.w.org\/{rel}","templated":true}]}}