{"id":79294,"date":"2025-08-11T07:04:29","date_gmt":"2025-08-11T11:04:29","guid":{"rendered":"https:\/\/jms.com.bo\/mediamonitor\/2025\/08\/11\/bolivia-registra-592-focos-de-calor-la-mayoria-en-santa-cruz\/"},"modified":"2025-08-11T07:04:29","modified_gmt":"2025-08-11T11:04:29","slug":"bolivia-registra-592-focos-de-calor-la-mayoria-en-santa-cruz","status":"publish","type":"post","link":"https:\/\/jms.com.bo\/mediamonitor\/2025\/08\/11\/bolivia-registra-592-focos-de-calor-la-mayoria-en-santa-cruz\/","title":{"rendered":"Bolivia registra 592 focos de calor, la mayor\u00eda en Santa Cruz"},"content":{"rendered":"<p style=\"text-align: justify;\">Hasta este domingo, Bolivia reporta 592 focos de calor, de los cuales 348 est\u00e1n en el departamento de Santa Cruz, donde, adem\u00e1s, se tiene un incendio activo \u201cpreocupante\u201d en el parque Noel Kempff Mercado y que habr\u00eda sido provocado, inform\u00f3 el ministro de Defensa, Edmundo Novillo.<\/p>\n<p style=\"text-align: justify;\">\u201cHasta ahora tenemos detectado, sobre todo en cuanto a los focos de calor, 592 focos de calor, en Santa Cruz 348, en el Beni 227, en Potos\u00ed 5, en Pando 4, en Cochabamba 4, en Tarija 2 y en La Paz 2 focos de calor\u201d, detall\u00f3 en una entrevista con Bolivia Tv.<\/p>\n<p style=\"text-align: justify;\">A diferencia de los incendios, los focos de calor se refieren a fuegos controlados que se emplean, en su mayor\u00eda, para la adecuaci\u00f3n de terrenos para la siembra.<\/p>\n<p style=\"text-align: justify;\">En cuanto a los incendios, Novillo inform\u00f3 que hasta la fecha se registraron en total 30 en Santa Cruz, Beni y Tarija, en este \u00faltimo en la serran\u00eda de Sama que fue provocado por la quema de basura, pero que, gracias al despliegue inmediato, fue sofocado.<\/p>\n<p style=\"text-align: justify;\">Para sofocarlos, las Fuerzas Armadas movilizaron 545 uniformados de m\u00e1s de una treintena de unidades militares.<\/p>\n<p style=\"text-align: justify;\">En el caso del incendio en Tarija, el Comando Conjunto de Respuesta Ante Eventos Adversos (CCR-EA) moviliz\u00f3 566 bomberos forestales en un avi\u00f3n H\u00e9rcules el C-130 y cuatro helic\u00f3pteros que ayudaron con la descarga de agua.<\/p>\n<p style=\"text-align: justify;\">El municipio de Tarija moviliz\u00f3 170 personas, una camioneta y tres cisternas, mientras que la Gobernaci\u00f3n 210 personas, cinco cisternas y cinco camionetas. Tambi\u00e9n trabajaron unos 60 voluntarios, 100 polic\u00edas y 200 comunarios. El Ministerio de Salud moviliz\u00f3 39 m\u00e9dicos. En total trabajaron en esa labor de sofocaci\u00f3n 1.423 personas, entre efectivos, voluntarios y comunarios.<\/p>\n<p style=\"text-align: justify;\">En el departamento de Santa Cruz, se sofoc\u00f3 un incendio en la zona lim\u00edtrofe entre Puerto Quijarro y Puerto Su\u00e1rez, y en Beni, se intervino en el barrio Las Palmas, en la urbanizaci\u00f3n de los Tajibos en Trinidad.<\/p>\n<p style=\"text-align: justify;\">A la fecha se tiene un incendio activo en el parque Noel Kempff Mercado. Novillo dijo que \u201cesto es muy preocupante\u201d, por lo que, se envi\u00f3 un primer contingente de bomberos forestales.<\/p>\n<p style=\"text-align: justify;\">\u201cLas \u00e1reas protegidas es lo que m\u00e1s hay que cuidar de los incendios pero lastimosamente ya se ha generado un incendio en el parque Noel Kempff Mercado esto s\u00ed es criminal \u00bfpor qu\u00e9? porque no podemos decir primero que el fuego ha entrado de alguna comunidad vecina, no hay, ha tenido que ser la mano ah\u00ed del hombre la que ha generado este fuego\u201d, denunci\u00f3 el ministro.<\/p>\n<p style=\"text-align: justify;\">En la zona ya trabajan 74 bomberos forestales con helic\u00f3pteros para combatir el fuego con agua desde el aire. No se descarta incrementar el personal.<\/p>\n<p style=\"text-align: justify;\">Novillo inform\u00f3 que en esta semana se inaugurar\u00e1 el centro de monitoreo para combatir los incendios forestales, en el marco del \u201cPlan yo lucho para proteger la vida y el medio ambiente\u201d.<\/p>\n","protected":false},"excerpt":{"rendered":"<p>Hasta este domingo, Bolivia reporta 592 focos de calor, de los cuales 348 est\u00e1n en el departamento de Santa Cruz, donde, adem\u00e1s, se tiene un incendio activo \u201cpreocupante\u201d en el parque Noel Kempff Mercado y que habr\u00eda sido provocado, inform\u00f3 el ministro de Defensa, Edmundo Novillo. \u201cHasta ahora tenemos detectado, sobre todo en cuanto a [&hellip;]<\/p>\n","protected":false},"author":2,"featured_media":79295,"comment_status":"closed","ping_status":"open","sticky":false,"template":"","format":"standard","meta":{"footnotes":""},"categories":[20,47,48],"tags":[],"class_list":{"0":"post-79294","1":"post","2":"type-post","3":"status-publish","4":"format-standard","5":"has-post-thumbnail","7":"category-actualidad","8":"category-portada-actualidad","9":"category-portada-general-sitio"},"_links":{"self":[{"href":"https:\/\/jms.com.bo\/mediamonitor\/wp-json\/wp\/v2\/posts\/79294","targetHints":{"allow":["GET"]}}],"collection":[{"href":"https:\/\/jms.com.bo\/mediamonitor\/wp-json\/wp\/v2\/posts"}],"about":[{"href":"https:\/\/jms.com.bo\/mediamonitor\/wp-json\/wp\/v2\/types\/post"}],"author":[{"embeddable":true,"href":"https:\/\/jms.com.bo\/mediamonitor\/wp-json\/wp\/v2\/users\/2"}],"replies":[{"embeddable":true,"href":"https:\/\/jms.com.bo\/mediamonitor\/wp-json\/wp\/v2\/comments?post=79294"}],"version-history":[{"count":0,"href":"https:\/\/jms.com.bo\/mediamonitor\/wp-json\/wp\/v2\/posts\/79294\/revisions"}],"wp:featuredmedia":[{"embeddable":true,"href":"https:\/\/jms.com.bo\/mediamonitor\/wp-json\/wp\/v2\/media\/79295"}],"wp:attachment":[{"href":"https:\/\/jms.com.bo\/mediamonitor\/wp-json\/wp\/v2\/media?parent=79294"}],"wp:term":[{"taxonomy":"category","embeddable":true,"href":"https:\/\/jms.com.bo\/mediamonitor\/wp-json\/wp\/v2\/categories?post=79294"},{"taxonomy":"post_tag","embeddable":true,"href":"https:\/\/jms.com.bo\/mediamonitor\/wp-json\/wp\/v2\/tags?post=79294"}],"curies":[{"name":"wp","href":"https:\/\/api.w.org\/{rel}","templated":true}]}}