{"id":79296,"date":"2025-08-11T07:05:41","date_gmt":"2025-08-11T11:05:41","guid":{"rendered":"https:\/\/jms.com.bo\/mediamonitor\/2025\/08\/11\/evo-no-participara-en-las-elecciones-seguidores-se-alistan-para-enfrentar-al-nuevo-gobierno\/"},"modified":"2025-08-11T07:05:41","modified_gmt":"2025-08-11T11:05:41","slug":"evo-no-participara-en-las-elecciones-seguidores-se-alistan-para-enfrentar-al-nuevo-gobierno","status":"publish","type":"post","link":"https:\/\/jms.com.bo\/mediamonitor\/2025\/08\/11\/evo-no-participara-en-las-elecciones-seguidores-se-alistan-para-enfrentar-al-nuevo-gobierno\/","title":{"rendered":"Evo no participar\u00e1 en las elecciones; seguidores se alistan para enfrentar al nuevo gobierno"},"content":{"rendered":"<p style=\"text-align: justify;\">La organizaci\u00f3n \u201cEvo Pueblo\u201d oficializ\u00f3 este domingo que Evo Morales no ser\u00e1 candidato en las elecciones generales del pr\u00f3ximo 17 de agosto para ning\u00fan cargo p\u00fablico. En su lugar, anunci\u00f3 que sus bases se atrincherar\u00e1n en sus regiones para \u201cenfrentar al nuevo gobierno\u201d, que \u2014seg\u00fan afirman\u2014 ser\u00e1 conformado por partidos de la derecha.<\/p>\n<p style=\"text-align: justify;\">Omar Ram\u00edrez, vocero de la agrupaci\u00f3n, que no cuenta con reconocimiento legal del Tribunal Supremo Electoral (TSE), explic\u00f3 en conferencia de prensa que no encontraron un partido que pudiera inscribir a Morales y garantizar su presencia en la papeleta electoral.<\/p>\n<p style=\"text-align: justify;\">Asegur\u00f3 que el presidente Luis Arce habr\u00eda amenazado a Eva Copa y al partido Unidad C\u00edvica Solidaridad (UCS) de Johnny Fern\u00e1ndez con correr la misma suerte de PAN-BOL y Frente para la Victoria (FPV) si intentaban postularlo.<\/p>\n<p style=\"text-align: justify;\">Seg\u00fan \u201cEvo Pueblo\u201d, las elecciones han sido dise\u00f1adas por el gobierno de Arce, en coordinaci\u00f3n con el TSE y el Tribunal Constitucional Plurinacional, para impedir la participaci\u00f3n de Morales.<\/p>\n<p style=\"text-align: justify;\">\u201cEstas elecciones fraudulentas, ilegales e inconstitucionales est\u00e1n hechas para que la derecha gane. Luis Arce no ha permitido que Evo Morales est\u00e9 en la papeleta. Pido a mis hermanos atrincherarse en cada regi\u00f3n para enfrentar al pr\u00f3ximo gobierno, que ser\u00e1 de la derecha boliviana. No le tenemos miedo\u201d, declar\u00f3 su portavoz.<\/p>\n<p style=\"text-align: justify;\">La organizaci\u00f3n acus\u00f3 al futuro gobierno de pretender imponer \u201cdictadura, neoliberalismo, fascismo y odio\u201d, con la complicidad de \u201clos traidores Luis Arce y Andr\u00f3nico Rodr\u00edguez\u201d a quienes responsabilizan de la proscripci\u00f3n de Morales.<\/p>\n<p style=\"text-align: justify;\">Los dirigentes ratificaron su lealtad al exmandatario y anunciaron que, de confirmarse un gobierno de derecha, buscar\u00e1n derrocarlo con movilizaciones en las calles a partir del 8 de noviembre, fecha prevista para la posesi\u00f3n presidencial.<\/p>\n","protected":false},"excerpt":{"rendered":"<p>La organizaci\u00f3n \u201cEvo Pueblo\u201d oficializ\u00f3 este domingo que Evo Morales no ser\u00e1 candidato en las elecciones generales del pr\u00f3ximo 17 de agosto para ning\u00fan cargo p\u00fablico. En su lugar, anunci\u00f3 que sus bases se atrincherar\u00e1n en sus regiones para \u201cenfrentar al nuevo gobierno\u201d, que \u2014seg\u00fan afirman\u2014 ser\u00e1 conformado por partidos de la derecha. Omar Ram\u00edrez, [&hellip;]<\/p>\n","protected":false},"author":2,"featured_media":79297,"comment_status":"closed","ping_status":"open","sticky":false,"template":"","format":"standard","meta":{"footnotes":""},"categories":[18],"tags":[],"class_list":{"0":"post-79296","1":"post","2":"type-post","3":"status-publish","4":"format-standard","5":"has-post-thumbnail","7":"category-politica"},"_links":{"self":[{"href":"https:\/\/jms.com.bo\/mediamonitor\/wp-json\/wp\/v2\/posts\/79296","targetHints":{"allow":["GET"]}}],"collection":[{"href":"https:\/\/jms.com.bo\/mediamonitor\/wp-json\/wp\/v2\/posts"}],"about":[{"href":"https:\/\/jms.com.bo\/mediamonitor\/wp-json\/wp\/v2\/types\/post"}],"author":[{"embeddable":true,"href":"https:\/\/jms.com.bo\/mediamonitor\/wp-json\/wp\/v2\/users\/2"}],"replies":[{"embeddable":true,"href":"https:\/\/jms.com.bo\/mediamonitor\/wp-json\/wp\/v2\/comments?post=79296"}],"version-history":[{"count":0,"href":"https:\/\/jms.com.bo\/mediamonitor\/wp-json\/wp\/v2\/posts\/79296\/revisions"}],"wp:featuredmedia":[{"embeddable":true,"href":"https:\/\/jms.com.bo\/mediamonitor\/wp-json\/wp\/v2\/media\/79297"}],"wp:attachment":[{"href":"https:\/\/jms.com.bo\/mediamonitor\/wp-json\/wp\/v2\/media?parent=79296"}],"wp:term":[{"taxonomy":"category","embeddable":true,"href":"https:\/\/jms.com.bo\/mediamonitor\/wp-json\/wp\/v2\/categories?post=79296"},{"taxonomy":"post_tag","embeddable":true,"href":"https:\/\/jms.com.bo\/mediamonitor\/wp-json\/wp\/v2\/tags?post=79296"}],"curies":[{"name":"wp","href":"https:\/\/api.w.org\/{rel}","templated":true}]}}