{"id":79298,"date":"2025-08-11T07:06:49","date_gmt":"2025-08-11T11:06:49","guid":{"rendered":"https:\/\/jms.com.bo\/mediamonitor\/2025\/08\/11\/segun-encuesta-nacional-habra-balotaje-entre-samuel-216-y-tuto-20\/"},"modified":"2025-08-11T07:06:49","modified_gmt":"2025-08-11T11:06:49","slug":"segun-encuesta-nacional-habra-balotaje-entre-samuel-216-y-tuto-20","status":"publish","type":"post","link":"https:\/\/jms.com.bo\/mediamonitor\/2025\/08\/11\/segun-encuesta-nacional-habra-balotaje-entre-samuel-216-y-tuto-20\/","title":{"rendered":"Seg\u00fan encuesta nacional, habr\u00e1 balotaje entre Samuel (21,6%) y Tuto (20%)"},"content":{"rendered":"<p style=\"text-align: justify;\">El programa UNO DECIDE, de la Red Uno, present\u00f3 este 10 de agosto los resultados de la Gran Encuesta Nacional de Intenci\u00f3n de Voto para conocer qui\u00e9nes son los precandidatos que lideran la carrera por la silla presidencial.<\/p>\n<p style=\"text-align: justify;\">A escala nacional, la intenci\u00f3n de voto posiciona al precandidato Samuel Doria Medina en el primer lugar con un 21,6%.<\/p>\n<p style=\"text-align: justify;\">El segundo lugar lo ocupa el precandidato Jorge Tuto Quiroga con el 20%; el precandidato Manfred Reyes Villa con el 9,7% obtiene el tercer lugar; mientras que los precandidatos Andr\u00f3nico Rodr\u00edguez y Rodrigo Paz se colocan en el cuarto y quinto lugar con el 7,2% y 6,4%, respectivamente.<\/p>\n<p style=\"text-align: justify;\">En el sexto lugar se ubican, empatados con el 2,0%, Eduardo Del Castillo y Jhonny Fern\u00e1ndez.<\/p>\n<p style=\"text-align: justify;\">En tanto que en octavo lugar aparece Pavel Aracena de LYP-ADN, con 0.7%, mientras que Eva Copa, de Morena, que no participar\u00e1 en la elecci\u00f3n, pero estaba habilitada como candidata cuando se hizo la encuesta, figuraba con 0,4%.<\/p>\n<p style=\"text-align: justify;\">Los votos blancos 5%; los nulos que son un 10,6%; y los indecisos, 14,4%; suman un total de 30%.<\/p>\n","protected":false},"excerpt":{"rendered":"<p>El programa UNO DECIDE, de la Red Uno, present\u00f3 este 10 de agosto los resultados de la Gran Encuesta Nacional de Intenci\u00f3n de Voto para conocer qui\u00e9nes son los precandidatos que lideran la carrera por la silla presidencial. A escala nacional, la intenci\u00f3n de voto posiciona al precandidato Samuel Doria Medina en el primer lugar [&hellip;]<\/p>\n","protected":false},"author":2,"featured_media":79299,"comment_status":"closed","ping_status":"open","sticky":false,"template":"","format":"standard","meta":{"footnotes":""},"categories":[18],"tags":[],"class_list":{"0":"post-79298","1":"post","2":"type-post","3":"status-publish","4":"format-standard","5":"has-post-thumbnail","7":"category-politica"},"_links":{"self":[{"href":"https:\/\/jms.com.bo\/mediamonitor\/wp-json\/wp\/v2\/posts\/79298","targetHints":{"allow":["GET"]}}],"collection":[{"href":"https:\/\/jms.com.bo\/mediamonitor\/wp-json\/wp\/v2\/posts"}],"about":[{"href":"https:\/\/jms.com.bo\/mediamonitor\/wp-json\/wp\/v2\/types\/post"}],"author":[{"embeddable":true,"href":"https:\/\/jms.com.bo\/mediamonitor\/wp-json\/wp\/v2\/users\/2"}],"replies":[{"embeddable":true,"href":"https:\/\/jms.com.bo\/mediamonitor\/wp-json\/wp\/v2\/comments?post=79298"}],"version-history":[{"count":0,"href":"https:\/\/jms.com.bo\/mediamonitor\/wp-json\/wp\/v2\/posts\/79298\/revisions"}],"wp:featuredmedia":[{"embeddable":true,"href":"https:\/\/jms.com.bo\/mediamonitor\/wp-json\/wp\/v2\/media\/79299"}],"wp:attachment":[{"href":"https:\/\/jms.com.bo\/mediamonitor\/wp-json\/wp\/v2\/media?parent=79298"}],"wp:term":[{"taxonomy":"category","embeddable":true,"href":"https:\/\/jms.com.bo\/mediamonitor\/wp-json\/wp\/v2\/categories?post=79298"},{"taxonomy":"post_tag","embeddable":true,"href":"https:\/\/jms.com.bo\/mediamonitor\/wp-json\/wp\/v2\/tags?post=79298"}],"curies":[{"name":"wp","href":"https:\/\/api.w.org\/{rel}","templated":true}]}}