{"id":79306,"date":"2025-08-11T07:15:54","date_gmt":"2025-08-11T11:15:54","guid":{"rendered":"https:\/\/jms.com.bo\/mediamonitor\/2025\/08\/11\/empresarios-sostienen-la-economia-frente-al-deficit-fiscal-segun-la-fepc\/"},"modified":"2025-08-11T07:15:54","modified_gmt":"2025-08-11T11:15:54","slug":"empresarios-sostienen-la-economia-frente-al-deficit-fiscal-segun-la-fepc","status":"publish","type":"post","link":"https:\/\/jms.com.bo\/mediamonitor\/2025\/08\/11\/empresarios-sostienen-la-economia-frente-al-deficit-fiscal-segun-la-fepc\/","title":{"rendered":"Empresarios sostienen la econom\u00eda frente al d\u00e9ficit fiscal, seg\u00fan la FEPC"},"content":{"rendered":"<p style=\"text-align: justify;\">La Federaci\u00f3n de Entidades Empresariales Privadas de Cochabamba (FEPC) present\u00f3, en el marco del Bicentenario, el Informe T\u00e9cnico de Coyuntura 2025: An\u00e1lisis Econ\u00f3mico y Empresarial de Bolivia en su Bicentenario, que plantea una lectura estrat\u00e9gica del momento econ\u00f3mico nacional desde la perspectiva empresarial. El documento alerta sobre los riesgos de una estanflaci\u00f3n subnacional y propone una hoja de ruta para la reconstrucci\u00f3n productiva del pa\u00eds basada en tres pilares estructurales: estabilidad macroecon\u00f3mica, dinamismo empresarial regional e institucionalidad eficiente.<\/p>\n<p style=\"text-align: justify;\">El informe destaca que, pese a un entorno adverso marcado por la ca\u00edda del crecimiento econ\u00f3mico (estimado en 1% para 2025), el sector privado cochabambino sostuvo el aparato productivo regional, contribuyendo con m\u00e1s del 70% al PIB departamental y preservando fuentes de empleo formal en medio de una informalidad que supera el 80% en el pa\u00eds.<\/p>\n<p style=\"text-align: justify;\">\u201cEl sector empresarial ha demostrado capacidad de resistencia, adaptabilidad y compromiso productivo. Cochabamba no puede esperar a que se resuelva la crisis nacional: debemos actuar desde lo regional para proteger el empleo, estimular la inversi\u00f3n y garantizar estabilidad\u201d, sostuvo el presidente de la FEPC, Juan Pablo Demeure.<\/p>\n<p style=\"text-align: justify;\">Presi\u00f3n macroecon\u00f3mica<\/p>\n<p style=\"text-align: justify;\">Seg\u00fan el Informe T\u00e9cnico de Coyuntura, el contexto nacional se caracteriza por el debilitamiento de los equilibrios macroecon\u00f3micos. El d\u00e9ficit fiscal estructural supera el 9% del PIB y las Reservas Internacionales Netas (RIN) se encuentran por debajo de los $us 3.000 millones. El tipo de cambio paralelo m\u00e1s que duplica al oficial. La inflaci\u00f3n proyectada podr\u00eda alcanzar entre 25% y 30% al cierre de 2025, debido a escasez de divisas, ajustes internos de precios y presi\u00f3n sobre combustibles subvencionados.<\/p>\n<p style=\"text-align: justify;\">Estructura productiva<\/p>\n<p style=\"text-align: justify;\">El informe advierte que la econom\u00eda mantiene un patr\u00f3n de especializaci\u00f3n en sectores extractivos con bajo nivel de industrializaci\u00f3n. La producci\u00f3n de gas natural descendi\u00f3 a menos de 29 millones de metros c\u00fabicos por d\u00eda en el primer semestre de 2025, frente a picos hist\u00f3ricos de hace 10 a\u00f1os, superiores a 60 millones de metros c\u00fabicos d\u00eda, reduciendo el ingreso de divisas. La miner\u00eda y la industria enfrentan restricciones.<\/p>\n<p style=\"text-align: justify;\">De acuerdo con el informe, a junio de 2025 Bolivia cuenta con 392.798 empresas registradas, con alta concentraci\u00f3n geogr\u00e1fica en el eje troncal (77,4%). Cochabamba representa el 16,6% del total nacional, con predominancia de actividades comerciales (34,6%), construcci\u00f3n (13,2%) e industria manufacturera (10,4%). A pesar del dinamismo, se mantienen desaf\u00edos estructurales relacionados con baja innovaci\u00f3n, escasa diversificaci\u00f3n y escaso v\u00ednculo con cadenas externas.<\/p>\n","protected":false},"excerpt":{"rendered":"<p>La Federaci\u00f3n de Entidades Empresariales Privadas de Cochabamba (FEPC) present\u00f3, en el marco del Bicentenario, el Informe T\u00e9cnico de Coyuntura 2025: An\u00e1lisis Econ\u00f3mico y Empresarial de Bolivia en su Bicentenario, que plantea una lectura estrat\u00e9gica del momento econ\u00f3mico nacional desde la perspectiva empresarial. El documento alerta sobre los riesgos de una estanflaci\u00f3n subnacional y propone [&hellip;]<\/p>\n","protected":false},"author":2,"featured_media":79307,"comment_status":"closed","ping_status":"open","sticky":false,"template":"","format":"standard","meta":{"footnotes":""},"categories":[25,45,48],"tags":[],"class_list":{"0":"post-79306","1":"post","2":"type-post","3":"status-publish","4":"format-standard","5":"has-post-thumbnail","7":"category-economia","8":"category-portada-economia","9":"category-portada-general-sitio"},"_links":{"self":[{"href":"https:\/\/jms.com.bo\/mediamonitor\/wp-json\/wp\/v2\/posts\/79306","targetHints":{"allow":["GET"]}}],"collection":[{"href":"https:\/\/jms.com.bo\/mediamonitor\/wp-json\/wp\/v2\/posts"}],"about":[{"href":"https:\/\/jms.com.bo\/mediamonitor\/wp-json\/wp\/v2\/types\/post"}],"author":[{"embeddable":true,"href":"https:\/\/jms.com.bo\/mediamonitor\/wp-json\/wp\/v2\/users\/2"}],"replies":[{"embeddable":true,"href":"https:\/\/jms.com.bo\/mediamonitor\/wp-json\/wp\/v2\/comments?post=79306"}],"version-history":[{"count":0,"href":"https:\/\/jms.com.bo\/mediamonitor\/wp-json\/wp\/v2\/posts\/79306\/revisions"}],"wp:featuredmedia":[{"embeddable":true,"href":"https:\/\/jms.com.bo\/mediamonitor\/wp-json\/wp\/v2\/media\/79307"}],"wp:attachment":[{"href":"https:\/\/jms.com.bo\/mediamonitor\/wp-json\/wp\/v2\/media?parent=79306"}],"wp:term":[{"taxonomy":"category","embeddable":true,"href":"https:\/\/jms.com.bo\/mediamonitor\/wp-json\/wp\/v2\/categories?post=79306"},{"taxonomy":"post_tag","embeddable":true,"href":"https:\/\/jms.com.bo\/mediamonitor\/wp-json\/wp\/v2\/tags?post=79306"}],"curies":[{"name":"wp","href":"https:\/\/api.w.org\/{rel}","templated":true}]}}