{"id":79308,"date":"2025-08-11T07:19:51","date_gmt":"2025-08-11T11:19:51","guid":{"rendered":"https:\/\/jms.com.bo\/mediamonitor\/2025\/08\/11\/nuevo-hito-en-renovables-espana-pasa-12-meses-seguidos-con-mas-del-50-de-su-electricidad-procedente-de-fuentes-verdes\/"},"modified":"2025-08-11T07:19:51","modified_gmt":"2025-08-11T11:19:51","slug":"nuevo-hito-en-renovables-espana-pasa-12-meses-seguidos-con-mas-del-50-de-su-electricidad-procedente-de-fuentes-verdes","status":"publish","type":"post","link":"https:\/\/jms.com.bo\/mediamonitor\/2025\/08\/11\/nuevo-hito-en-renovables-espana-pasa-12-meses-seguidos-con-mas-del-50-de-su-electricidad-procedente-de-fuentes-verdes\/","title":{"rendered":"Nuevo hito en renovables: Espa\u00f1a pasa 12 meses seguidos con m\u00e1s del 50% de su electricidad procedente de fuentes verdes"},"content":{"rendered":"<p style=\"text-align: justify;\">Durante doce meses consecutivos, Espa\u00f1a ha rebasado la barrera del 50% de la generaci\u00f3n el\u00e9ctrica con energ\u00edas renovables en todos y cada uno de los meses. En concreto, el hito, comunicado por APPA Renovables, se ha logrado entre octubre de 2023 y septiembre de 2024.<\/p>\n<p style=\"text-align: justify;\">Impulsadas por el fuerte aumento de la energ\u00eda fotovoltaica (crece un 22,3%) y la de hidr\u00e1ulica (crece un 67,5%), las renovables lograron representar el 56,8% de la generaci\u00f3n el\u00e9ctrica en el \u00faltimo a\u00f1o m\u00f3vil. Adem\u00e1s, la energ\u00eda solar fotovoltaica, que ha visto como su potencia instalada ha aumentado de forma significativa, es ya la tercera tecnolog\u00eda en el mix, solo superada por la e\u00f3lica y la nuclear.<\/p>\n<p style=\"text-align: justify;\">Retos y metas del PNIEC: m\u00e1s renovables, mayor demanda y necesidad de electrificaci\u00f3n<br \/>\nEn el Plan Nacional Integrado de Energ\u00eda y Clima, se marcan unos objetivos de cara a 2030 del 81% de la generaci\u00f3n el\u00e9ctrica procedente de tecnolog\u00edas renovables. En vistas a esta meta, estos son los objetivos de potencia instalada fijados para cada fuente renovable:<\/p>\n<p style=\"text-align: justify;\">Cabe destacar que, de todo el abanico de energ\u00edas renovables, es la fotovoltaica la que cumple con creces el ritmo impuesto por el PNIEC. Adem\u00e1s, desde APPA Renovables advierten de que el ritmo de crecimiento de la demanda el\u00e9ctrica no es el \u00f3ptimo, lo que puede dar como resultado el atasco en la inversi\u00f3n en nuevas instalaciones de generaci\u00f3n.<\/p>\n<p style=\"text-align: justify;\">En concreto, el PNIEC establece una demanda el\u00e9ctrica de 358 TWh para 2030. Se trata de un porcentaje que supera en un 34% al actual. No obstante, en el \u00faltimo a\u00f1o m\u00f3vil, la demanda ha aumentado en un 1,6%. Tras la contracci\u00f3n de la demanda en los a\u00f1os anteriores, la Asociaci\u00f3n recomienda algunas medidas clave para estimularla:<\/p>\n<p style=\"text-align: justify;\">Estimular el crecimiento de las instalaciones de almacenamiento energ\u00e9tico, que tiene un objetivo de 22,5 GW de potencia instalada para 2030.<\/p>\n<p style=\"text-align: justify;\">La importancia del almacenamiento energ\u00e9tico<\/p>\n<p style=\"text-align: justify;\">Con todos estos datos, desde la Asociaci\u00f3n de Empresas de Energ\u00edas Renovables, concluyen indicando que esperan una regulaci\u00f3n espec\u00edfica con el objetivo de atraer inversiones para el desarrollo del almacenamiento en Espa\u00f1a, un \u00e1mbito de gran importancia para la integraci\u00f3n de la potencia renovable prevista para finales de d\u00e9cada.<\/p>\n","protected":false},"excerpt":{"rendered":"<p>Durante doce meses consecutivos, Espa\u00f1a ha rebasado la barrera del 50% de la generaci\u00f3n el\u00e9ctrica con energ\u00edas renovables en todos y cada uno de los meses. En concreto, el hito, comunicado por APPA Renovables, se ha logrado entre octubre de 2023 y septiembre de 2024. Impulsadas por el fuerte aumento de la energ\u00eda fotovoltaica (crece [&hellip;]<\/p>\n","protected":false},"author":2,"featured_media":79309,"comment_status":"closed","ping_status":"open","sticky":false,"template":"","format":"standard","meta":{"footnotes":""},"categories":[1],"tags":[],"class_list":{"0":"post-79308","1":"post","2":"type-post","3":"status-publish","4":"format-standard","5":"has-post-thumbnail","7":"category-uncategorized"},"_links":{"self":[{"href":"https:\/\/jms.com.bo\/mediamonitor\/wp-json\/wp\/v2\/posts\/79308","targetHints":{"allow":["GET"]}}],"collection":[{"href":"https:\/\/jms.com.bo\/mediamonitor\/wp-json\/wp\/v2\/posts"}],"about":[{"href":"https:\/\/jms.com.bo\/mediamonitor\/wp-json\/wp\/v2\/types\/post"}],"author":[{"embeddable":true,"href":"https:\/\/jms.com.bo\/mediamonitor\/wp-json\/wp\/v2\/users\/2"}],"replies":[{"embeddable":true,"href":"https:\/\/jms.com.bo\/mediamonitor\/wp-json\/wp\/v2\/comments?post=79308"}],"version-history":[{"count":0,"href":"https:\/\/jms.com.bo\/mediamonitor\/wp-json\/wp\/v2\/posts\/79308\/revisions"}],"wp:featuredmedia":[{"embeddable":true,"href":"https:\/\/jms.com.bo\/mediamonitor\/wp-json\/wp\/v2\/media\/79309"}],"wp:attachment":[{"href":"https:\/\/jms.com.bo\/mediamonitor\/wp-json\/wp\/v2\/media?parent=79308"}],"wp:term":[{"taxonomy":"category","embeddable":true,"href":"https:\/\/jms.com.bo\/mediamonitor\/wp-json\/wp\/v2\/categories?post=79308"},{"taxonomy":"post_tag","embeddable":true,"href":"https:\/\/jms.com.bo\/mediamonitor\/wp-json\/wp\/v2\/tags?post=79308"}],"curies":[{"name":"wp","href":"https:\/\/api.w.org\/{rel}","templated":true}]}}