{"id":79310,"date":"2025-08-11T07:28:59","date_gmt":"2025-08-11T11:28:59","guid":{"rendered":"https:\/\/jms.com.bo\/mediamonitor\/2025\/08\/11\/el-almacenamiento-de-energia-en-brasil-un-mercado-listo-para-despegar\/"},"modified":"2025-08-11T07:28:59","modified_gmt":"2025-08-11T11:28:59","slug":"el-almacenamiento-de-energia-en-brasil-un-mercado-listo-para-despegar","status":"publish","type":"post","link":"https:\/\/jms.com.bo\/mediamonitor\/2025\/08\/11\/el-almacenamiento-de-energia-en-brasil-un-mercado-listo-para-despegar\/","title":{"rendered":"El almacenamiento de energ\u00eda en Brasil: Un mercado listo para despegar"},"content":{"rendered":"<p style=\"text-align: justify;\">Con el aumento de la participaci\u00f3n de la fuente solar en la matriz el\u00e9ctrica brasile\u00f1a, tanto en la red de transmisi\u00f3n como en la de distribuci\u00f3n, tambi\u00e9n crece la necesidad de flexibilidad y gesti\u00f3n de la generaci\u00f3n y el consumo, que pueden no ser simult\u00e1neos. Este es uno de los principales argumentos para la implantaci\u00f3n de bater\u00edas en el pa\u00eds, desde aplicaciones residenciales hasta los BESS (sigla en ingl\u00e9s para Sistemas de Almacenamiento de Energ\u00eda con Bater\u00edas) a gran escala.<\/p>\n<p style=\"text-align: justify;\">La participaci\u00f3n de la fuente fotovoltaica en la matriz el\u00e9ctrica brasile\u00f1a deber\u00eda alcanzar el 32,9% al final de 2029, partiendo del 22,2% en diciembre de 2024. En ese periodo, la capacidad instalada aumentar\u00e1 de 51,7 GW a 88,2 GW, lo que supone un crecimiento de 36,5 GW. La previsi\u00f3n considera tanto la generaci\u00f3n centralizada (GC) como la generaci\u00f3n distribuida (MMGD) y forma parte del Plan de Operaci\u00f3n Energ\u00e9tica 2025-2029, presentado en julio por el Operador Nacional del Sistema (ONS).<\/p>\n<p style=\"text-align: justify;\">Al mismo tiempo, el almacenamiento de energ\u00eda solar tiene el potencial de atraer 8.160 millones de d\u00f3lares en inversiones hasta 2030, seg\u00fan un estudio realizado por la Asociaci\u00f3n Brasile\u00f1a de Soluciones de Almacenamiento de Energ\u00eda (ABSAE). Este volumen se distribuir\u00eda por igual entre aplicaciones fuera de la red, sistemas a escala de utilidad y aplicaciones en comercios e industrias (C&amp;I).<\/p>\n<p style=\"text-align: justify;\">Una parte significativa de este potencial de inversi\u00f3n est\u00e1 contenida por la falta de claridad sobre la remuneraci\u00f3n y las reglas de operaci\u00f3n de los sistemas, situaci\u00f3n que solo deber\u00eda resolverse con la regulaci\u00f3n de la Agencia Nacional de Energ\u00eda El\u00e9ctrica sobre el tema.<\/p>\n<p style=\"text-align: justify;\">Pero el mercado no est\u00e1 parado y la demanda de componentes de sistemas BESS aument\u00f3 un 89% en 2024, con gran parte de los sistemas entrando en funcionamiento en 2025, seg\u00fan identific\u00f3 el Estudio Estrat\u00e9gico de Almacenamiento de Energ\u00eda de Greener. La consultora espera que el mercado mueva 4.170 millones de d\u00f3lares en inversiones hasta 2030 solo en aplicaciones para el consumidor \u2014lo que excluye proyectos del concurso de reserva de capacidad, por ejemplo.<\/p>\n<p style=\"text-align: justify;\">Hasta finales de 2024, el pa\u00eds acumulaba 685 MWh de capacidad instalada, de los cuales el 70% est\u00e1n en sistemas aislados. Solo en 2024 se a\u00f1adieron 269 MWh, un salto del 29% respecto al a\u00f1o anterior. La confiabilidad energ\u00e9tica es el principal motor de este progreso: cortes frecuentes de energ\u00eda, que llegaron a 190 horas en algunas regiones del pa\u00eds, est\u00e1n llevando a los consumidores a buscar alternativas m\u00e1s seguras y duraderas.<\/p>\n<p style=\"text-align: justify;\">Potencial en las fronteras energ\u00e9ticas y tarifas altas<br \/>\nGreener elabor\u00f3 un mapa de atractivo para el segmento de alta tensi\u00f3n, tanto en el mercado libre como en el regulado. El estado de Par\u00e1 se destaca: la distribuidora Equatorial Par\u00e1 presenta el mayor potencial de reducci\u00f3n de consumo en horario punta, con un delta tarifario de 323,80 d\u00f3lares por MWh \u2014el mayor del pa\u00eds.<\/p>\n<p style=\"text-align: justify;\">En el sector productivo, el agronegocio surge como uno de los mayores beneficiarios del BESS. El uso de bater\u00edas junto con la energ\u00eda solar puede sustituir generadores di\u00e9sel, reducir costos y contribuir a los objetivos de descarbonizaci\u00f3n. Pero a\u00fan existen desaf\u00edos. \u201cEl p\u00fablico agro es conservador. Es necesario educar sobre los beneficios t\u00e9cnicos y econ\u00f3micos del almacenamiento\u201d, resalta el director ejecutivo de Greener, Marcio Takata.<\/p>\n<p style=\"text-align: justify;\">Un ejemplo emblem\u00e1tico se encuentra en el Extremo Oeste de Bah\u00eda, l\u00edder en el uso de pivotes de riego, con un aumento del 43% en los \u00faltimos dos a\u00f1os. A pesar del crecimiento, la regi\u00f3n enfrenta serias limitaciones de potencia el\u00e9ctrica. Con subestaciones operando al l\u00edmite, la expansi\u00f3n de la agricultura depende de alternativas como el almacenamiento.<\/p>\n<p style=\"text-align: justify;\">La mayor parte del almacenamiento en Brasil todav\u00eda est\u00e1 en los sistemas aislados, especialmente en la Regi\u00f3n Norte. Desde 2018 se han registrado m\u00e1s de 62.000 unidades consumidoras con fuentes intermitentes, siendo el 70,7% en Par\u00e1 y el 10,2% en Acre. Programas de universalizaci\u00f3n como \u201cM\u00e1s Luz para la Amazon\u00eda\u201d, lanzado en 2020, avanzaron poco \u2014se ha cumplido menos del 5% de la meta. Para acelerar la inclusi\u00f3n energ\u00e9tica, el gobierno unific\u00f3 el programa con \u201cLuz para Todos\u201d, con un nuevo objetivo de atender a 226.000 unidades consumidoras hasta 2028.<\/p>\n<p style=\"text-align: justify;\">BESS como servicio<br \/>\nEmpresas como Matrix Energia y Brasol han apostado por el modelo de almacenamiento de energ\u00eda por suscripci\u00f3n, como servicio, para viabilizar nuevos proyectos para clientes comerciales e industriales. Pionera en el modelo, Matrix tiene un acuerdo con Huawei para viabilizar 750 MWh de almacenamiento hasta 2027. En junio, la compa\u00f1\u00eda anunci\u00f3 un acuerdo con el ayuntamiento de S\u00e3o Paulo para suministrar almacenamiento para garajes de autobuses el\u00e9ctricos del transporte p\u00fablico de la ciudad, multiplicando hasta por seis la capacidad de recarga actual. Un m\u00f3dulo BESS de 4,5 MWh integrado a cargadores ultrarr\u00e1pidos puede recargar al menos 29 autobuses. La adopci\u00f3n de la tecnolog\u00eda permitir\u00e1 superar las limitaciones de la infraestructura de la red el\u00e9ctrica, posibilitando los objetivos de la ciudad para la sustituci\u00f3n del di\u00e9sel en el transporte.<\/p>\n<p style=\"text-align: justify;\">Autonom\u00eda energ\u00e9tica en los hogares<br \/>\nLa demanda de bater\u00edas no es solo empresarial o agr\u00edcola. Un estudio de Descarbonize Solu\u00e7\u00f5es analiz\u00f3 el rendimiento de sistemas BESS en hogares brasile\u00f1os. Considerando perfiles t\u00edpicos de la poblaci\u00f3n y escenarios de consumo (normal, intenso y modo viaje), el an\u00e1lisis mostr\u00f3 que, con la configuraci\u00f3n correcta, es posible mantener en funcionamiento los electrodom\u00e9sticos esenciales incluso durante largas interrupciones.<\/p>\n<p style=\"text-align: justify;\">\u201cLa autonom\u00eda energ\u00e9tica dej\u00f3 de ser un lujo. Con el avance de la tecnolog\u00eda y la frecuencia de los apagones, se ha convertido en una necesidad\u201d, explica Ant\u00f4nio Lombardi Neto, director de tecnolog\u00eda de Descarbonize. \u201cLa combinaci\u00f3n de bater\u00eda y energ\u00eda solar aporta confort, seguridad e independencia\u201d.<\/p>\n<p style=\"text-align: justify;\">El estudio utiliz\u00f3 como base una bater\u00eda de litio tipo LiFePO\u2084, con 4,8 kWh de capacidad y 6.000 ciclos de vida \u00fatil. El an\u00e1lisis demostr\u00f3 que incluso hogares con cuatro personas pueden mantener luz, internet, nevera y notebooks funcionando durante horas, incluso en modo de consumo intenso.<\/p>\n<p style=\"text-align: justify;\">Brasil todav\u00eda enfrenta obst\u00e1culos: altos costos de capital, carga tributaria que puede llegar hasta el 79% sobre el sistema y vac\u00edos regulatorios. Pero se espera que, hasta 2030, el pa\u00eds se consolide como referencia regional en almacenamiento, impulsado por licitaciones, programas federales y mayor conciencia del riesgo energ\u00e9tico.<\/p>\n<p style=\"text-align: justify;\">El reto ahora es acelerar este movimiento, ampliando el conocimiento t\u00e9cnico, adaptando modelos de negocio y creando una percepci\u00f3n de valor real para el consumidor final.<\/p>\n","protected":false},"excerpt":{"rendered":"<p>Con el aumento de la participaci\u00f3n de la fuente solar en la matriz el\u00e9ctrica brasile\u00f1a, tanto en la red de transmisi\u00f3n como en la de distribuci\u00f3n, tambi\u00e9n crece la necesidad de flexibilidad y gesti\u00f3n de la generaci\u00f3n y el consumo, que pueden no ser simult\u00e1neos. Este es uno de los principales argumentos para la implantaci\u00f3n [&hellip;]<\/p>\n","protected":false},"author":2,"featured_media":79311,"comment_status":"closed","ping_status":"open","sticky":false,"template":"","format":"standard","meta":{"footnotes":""},"categories":[39],"tags":[],"class_list":{"0":"post-79310","1":"post","2":"type-post","3":"status-publish","4":"format-standard","5":"has-post-thumbnail","7":"category-energia"},"_links":{"self":[{"href":"https:\/\/jms.com.bo\/mediamonitor\/wp-json\/wp\/v2\/posts\/79310","targetHints":{"allow":["GET"]}}],"collection":[{"href":"https:\/\/jms.com.bo\/mediamonitor\/wp-json\/wp\/v2\/posts"}],"about":[{"href":"https:\/\/jms.com.bo\/mediamonitor\/wp-json\/wp\/v2\/types\/post"}],"author":[{"embeddable":true,"href":"https:\/\/jms.com.bo\/mediamonitor\/wp-json\/wp\/v2\/users\/2"}],"replies":[{"embeddable":true,"href":"https:\/\/jms.com.bo\/mediamonitor\/wp-json\/wp\/v2\/comments?post=79310"}],"version-history":[{"count":0,"href":"https:\/\/jms.com.bo\/mediamonitor\/wp-json\/wp\/v2\/posts\/79310\/revisions"}],"wp:featuredmedia":[{"embeddable":true,"href":"https:\/\/jms.com.bo\/mediamonitor\/wp-json\/wp\/v2\/media\/79311"}],"wp:attachment":[{"href":"https:\/\/jms.com.bo\/mediamonitor\/wp-json\/wp\/v2\/media?parent=79310"}],"wp:term":[{"taxonomy":"category","embeddable":true,"href":"https:\/\/jms.com.bo\/mediamonitor\/wp-json\/wp\/v2\/categories?post=79310"},{"taxonomy":"post_tag","embeddable":true,"href":"https:\/\/jms.com.bo\/mediamonitor\/wp-json\/wp\/v2\/tags?post=79310"}],"curies":[{"name":"wp","href":"https:\/\/api.w.org\/{rel}","templated":true}]}}