{"id":79313,"date":"2025-08-11T07:35:56","date_gmt":"2025-08-11T11:35:56","guid":{"rendered":"https:\/\/jms.com.bo\/mediamonitor\/2025\/08\/11\/lupo-anuncia-fin-de-las-subvenciones-y-dice-que-es-un-suicidio-para-bolivia-que-la-electricidad-siga-dependiendo-del-gas\/"},"modified":"2025-08-11T07:35:56","modified_gmt":"2025-08-11T11:35:56","slug":"lupo-anuncia-fin-de-las-subvenciones-y-dice-que-es-un-suicidio-para-bolivia-que-la-electricidad-siga-dependiendo-del-gas","status":"publish","type":"post","link":"https:\/\/jms.com.bo\/mediamonitor\/2025\/08\/11\/lupo-anuncia-fin-de-las-subvenciones-y-dice-que-es-un-suicidio-para-bolivia-que-la-electricidad-siga-dependiendo-del-gas\/","title":{"rendered":"Lupo anuncia fin de las subvenciones y dice que es un suicidio para Bolivia que la electricidad siga dependiendo del gas"},"content":{"rendered":"<p style=\"text-align: justify;\">\u201cSin energ\u00eda no hay producci\u00f3n, no hay nada\u201d y es suicida seguir dependiendo del gas natural para la generaci\u00f3n el\u00e9ctrica\u201d, advirti\u00f3 el candidato a la vicepresidencia por Unidad, Javier Lupo, quien adelant\u00f3 que en caso de que esa alianza llegue al Gobierno se eliminar\u00e1 la subvenci\u00f3n al di\u00e9sel de manera inmediata.<\/p>\n<p style=\"text-align: justify;\">\u00abLa actual crisis econ\u00f3mica tiene origen en la crisis energ\u00e9tica, la crisis fiscal se debe resolver de manera directa, sin gradualismos\u201d, precis\u00f3 en el conversatorio \u201cSituaci\u00f3n actual y perspectivas del sector energ\u00e9tico\u201d que organizaron la C\u00e1mara Boliviana de Electricidad (CBE) y la C\u00e1mara Boliviana de Hidrocarburos y Energ\u00eda (CBHE), como parte del ciclo destinado a visibilizar la realidad del sector y conocer las propuestas de los principales candidatos a las Elecciones Generales 2025.<\/p>\n<p style=\"text-align: justify;\">Lupo anunci\u00f3, en caso de llegar al Gobierno, que la subvenci\u00f3n del di\u00e9sel ser\u00e1 eliminada de inmediato; la de la gasolina ser\u00e1 levantada sin que afecte al sector transporte y en el caso del gas natural coincidi\u00f3 con la CBE en la necesidad de que tambi\u00e9n se levante el subsidio al gas natural en el mercado interno, que se mantiene por 20 a\u00f1os a un costo de 1,3 d\u00f3lares el millar de pies c\u00fabicos.<\/p>\n<p style=\"text-align: justify;\">Esto, cuando en el mercado de exportaci\u00f3n oscila entre los 6 a 7 d\u00f3lares. \u201cAbsolutamente s\u00ed, se viene un cambio profundo con claridad y contundencia, frente a los enga\u00f1os que nos llevan las subvenciones (\u2026) no creo en los subsidios, se nacionaliz\u00f3 el gas y no hay gas, se subsidi\u00f3 el di\u00e9sel y no hay di\u00e9sel\u201d, agreg\u00f3.<\/p>\n<p style=\"text-align: justify;\">En materia de seguridad jur\u00eddica, Lupo garantiz\u00f3 que, en caso de llegar a ganar las elecciones, su gobierno otorgar\u00e1 facilidades a la inversi\u00f3n privada extranjera para que aporte con recursos y con su conocimiento en el sector energ\u00e9tico.<\/p>\n<p style=\"text-align: justify;\">Para el candidato a la vicepresidencia por la alianza Unidad, la actual crisis tiene una enorme profundidad y, por lo tanto, no puede resolverse con parches, sino con cambio de estructuras para un largo plazo, con una s\u00f3lida pol\u00edtica energ\u00e9tica y con el impulso al cambio de la matriz energ\u00e9tica. \u201cEl rostro de Bolivia debe ser de un pa\u00eds serio con seguridad jur\u00eddica\u201d, a\u00f1adi\u00f3.<\/p>\n<p style=\"text-align: justify;\">Lupo revel\u00f3 que se tiene conversaciones con comisiones t\u00e9cnicas del frente Libre para coordinar acciones sobre temas de energ\u00eda, con el af\u00e1n de sentar bases de gobernabilidad para el corto y largo plazo.<\/p>\n<p style=\"text-align: justify;\">Mauricio Mariaca, representante de la CBHE, explic\u00f3 al candidato que actualmente dos focos de tres usan como fuente de generaci\u00f3n energ\u00e9tica al gas natural y que, si se mantiene el ritmo actual, Bolivia puede llegar a comprar el millar de pies c\u00fabicos de gas a 8 d\u00f3lares, cuando en el mercado interno subvencionado cuesta 1,3 d\u00f3lares.<\/p>\n<p style=\"text-align: justify;\">Por su parte, los representantes de la CBE, \u00c1ngel Zannier y Gast\u00f3n Acebey, lamentaron que la subvenci\u00f3n al gas natural sea un freno para las inversiones en energ\u00edas renovables, situaci\u00f3n que se agrava por la excesiva burocracia, predominancia de ENDE y la presencia muy dominante del Estado en el ente regulador y el Comit\u00e9 Nacional de Despacho de Carga.<\/p>\n<p style=\"text-align: justify;\">Lupo, anunci\u00f3 que retornar\u00e1 la institucionalizaci\u00f3n de los organismos t\u00e9cnicos y que se crear\u00e1 un clima favorable para la inversi\u00f3n a trav\u00e9s de transformaciones en las Leyes del Hidrocarburos y tambi\u00e9n de Electricidad.<\/p>\n<p style=\"text-align: justify;\">El candidato de Unidad se\u00f1al\u00f3 que las transformaciones del sector energ\u00e9tico se realizar\u00e1n en un marco donde se respete las normas ambientales, garantizando el abastecimiento del mercado interno y realizando un cambio de precios que haga posible la inversi\u00f3n privada.<\/p>\n<p style=\"text-align: justify;\">Tambi\u00e9n indic\u00f3 que las empresas estatales estrat\u00e9gicas como ENDE y YPFB deben ingresar a una etapa de eficiencia e institucionalizaci\u00f3n brindando espacios a los roles que debe cumplir tambi\u00e9n el sector privado.<\/p>\n<p style=\"text-align: justify;\">Anteriormente el candidato Andr\u00f3nico Rodr\u00edguez, tambi\u00e9n invitado a este ciclo de conversatorios en el tema energ\u00eda, se excus\u00f3 debido a una agenda copada.<\/p>\n<p style=\"text-align: justify;\">\n","protected":false},"excerpt":{"rendered":"<p>\u201cSin energ\u00eda no hay producci\u00f3n, no hay nada\u201d y es suicida seguir dependiendo del gas natural para la generaci\u00f3n el\u00e9ctrica\u201d, advirti\u00f3 el candidato a la vicepresidencia por Unidad, Javier Lupo, quien adelant\u00f3 que en caso de que esa alianza llegue al Gobierno se eliminar\u00e1 la subvenci\u00f3n al di\u00e9sel de manera inmediata. \u00abLa actual crisis econ\u00f3mica [&hellip;]<\/p>\n","protected":false},"author":2,"featured_media":78042,"comment_status":"closed","ping_status":"open","sticky":false,"template":"","format":"standard","meta":{"footnotes":""},"categories":[39,44,48],"tags":[],"class_list":{"0":"post-79313","1":"post","2":"type-post","3":"status-publish","4":"format-standard","5":"has-post-thumbnail","7":"category-energia","8":"category-portada-energia","9":"category-portada-general-sitio"},"_links":{"self":[{"href":"https:\/\/jms.com.bo\/mediamonitor\/wp-json\/wp\/v2\/posts\/79313","targetHints":{"allow":["GET"]}}],"collection":[{"href":"https:\/\/jms.com.bo\/mediamonitor\/wp-json\/wp\/v2\/posts"}],"about":[{"href":"https:\/\/jms.com.bo\/mediamonitor\/wp-json\/wp\/v2\/types\/post"}],"author":[{"embeddable":true,"href":"https:\/\/jms.com.bo\/mediamonitor\/wp-json\/wp\/v2\/users\/2"}],"replies":[{"embeddable":true,"href":"https:\/\/jms.com.bo\/mediamonitor\/wp-json\/wp\/v2\/comments?post=79313"}],"version-history":[{"count":0,"href":"https:\/\/jms.com.bo\/mediamonitor\/wp-json\/wp\/v2\/posts\/79313\/revisions"}],"wp:featuredmedia":[{"embeddable":true,"href":"https:\/\/jms.com.bo\/mediamonitor\/wp-json\/wp\/v2\/media\/78042"}],"wp:attachment":[{"href":"https:\/\/jms.com.bo\/mediamonitor\/wp-json\/wp\/v2\/media?parent=79313"}],"wp:term":[{"taxonomy":"category","embeddable":true,"href":"https:\/\/jms.com.bo\/mediamonitor\/wp-json\/wp\/v2\/categories?post=79313"},{"taxonomy":"post_tag","embeddable":true,"href":"https:\/\/jms.com.bo\/mediamonitor\/wp-json\/wp\/v2\/tags?post=79313"}],"curies":[{"name":"wp","href":"https:\/\/api.w.org\/{rel}","templated":true}]}}