{"id":79321,"date":"2025-08-12T07:27:54","date_gmt":"2025-08-12T11:27:54","guid":{"rendered":"https:\/\/jms.com.bo\/mediamonitor\/2025\/08\/12\/ministerio-de-salud-confirma-disponibilidad-para-el-pago-de-bono-de-vacunacion\/"},"modified":"2025-08-12T07:27:54","modified_gmt":"2025-08-12T11:27:54","slug":"ministerio-de-salud-confirma-disponibilidad-para-el-pago-de-bono-de-vacunacion","status":"publish","type":"post","link":"https:\/\/jms.com.bo\/mediamonitor\/2025\/08\/12\/ministerio-de-salud-confirma-disponibilidad-para-el-pago-de-bono-de-vacunacion\/","title":{"rendered":"Ministerio de Salud confirma disponibilidad para el pago de bono de vacunaci\u00f3n"},"content":{"rendered":"<p style=\"text-align: justify;\">El vicepresidente del Comit\u00e9 C\u00edvico, Agust\u00edn Zambrana, a trav\u00e9s de sus redes sociales, confirm\u00f3 que hab\u00eda llegado una carta desde el Ministerio de Salud a la Gobernaci\u00f3n de Santa Cruz informando sobre la disponibilidad de los recursos econ\u00f3micos para el pago de vi\u00e1ticos de los trabajadores del sector; y as\u00ed desactivar la advertencia del paro indefinido lanzada la semana pasada.<\/p>\n<p style=\"text-align: justify;\">\u00abPor ahora seguimos sin paro de salud y nuestro pueblo tendr\u00e1 atenci\u00f3n. Lleg\u00f3 oficialmente a la Gobernaci\u00f3n de Santa Cruz la carta del Gobierno que adeuda Bs 29 millones a Santa Cruz por el bono de vacunaci\u00f3n. Ahora la Gobernaci\u00f3n debe convocar a la Comisi\u00f3n de Salud de la Asamblea Legislativa Departamental y aprobar el pago, para que el Sedes proceda a pagar al sector salud\u00bb, reza su post y lo acompa\u00f1a con una foto de la carta.<\/p>\n<p style=\"text-align: justify;\">Este \u00faltimo documento indica que \u00abconfirmamos que el monto conciliado de Bs 9.436.038,94 est\u00e1 disponible y nos encontramos a la espera que la Gobernaci\u00f3n realice la transferencia del monto restante de Bs 13.095.888,00 como nos manifestaron en la nota del Sedes, remitida por el director del Sedes y el mismo gobernador en suplencia, para proceder al pago del vi\u00e1tico de vacunaci\u00f3n y escalaf\u00f3n, gesti\u00f3n 2025\u00bb. Y al final est\u00e1 la firma de la ministra del \u00e1rea, Mar\u00eda Ren\u00e9e Castro.<\/p>\n<p style=\"text-align: justify;\">Los paros del sector salud<\/p>\n<p style=\"text-align: justify;\">El pasado viernes, 8 de agosto, tras una reuni\u00f3n sostenida en el Comit\u00e9 pro Santa Cruz, autoridades departamentales y representantes del sector salud anunciaron que los trabajadores levantar\u00edan el paro hasta el martes 12 de agosto.<\/p>\n<p style=\"text-align: justify;\">El sector ha realizado una serie de paros desde el 28 de julio \u2014sumado a otras medidas previas\u2014, y dio plazo hasta el mi\u00e9rcoles 13 de agosto para que se atienda su demanda por el pago del vi\u00e1tico de vacunaci\u00f3n.<\/p>\n<p style=\"text-align: justify;\">\u201cNosotros, en la parte administrativa, necesitamos con urgencia esta carta de la ministra reconociendo una conciliaci\u00f3n de deuda. Esos son los fondos que nosotros necesitamos para hacerlos llegar a los bolsillos de los trabajadores y puedan cubrir sus necesidades y demandas, que es por lo que est\u00e1n peleando ahora\u201d, dijo Marcelo Kramer, secretario departamental de Salud y Desarrollo Humano.<\/p>\n<p style=\"text-align: justify;\">Con la carta recibida por la Gobernaci\u00f3n, resta agilizar los tr\u00e1mites administrativos para que se cancele el bono de vacunaci\u00f3n exigido por los trabajadores de salud.<\/p>\n","protected":false},"excerpt":{"rendered":"<p>El vicepresidente del Comit\u00e9 C\u00edvico, Agust\u00edn Zambrana, a trav\u00e9s de sus redes sociales, confirm\u00f3 que hab\u00eda llegado una carta desde el Ministerio de Salud a la Gobernaci\u00f3n de Santa Cruz informando sobre la disponibilidad de los recursos econ\u00f3micos para el pago de vi\u00e1ticos de los trabajadores del sector; y as\u00ed desactivar la advertencia del paro [&hellip;]<\/p>\n","protected":false},"author":2,"featured_media":79322,"comment_status":"closed","ping_status":"open","sticky":false,"template":"","format":"standard","meta":{"footnotes":""},"categories":[53],"tags":[],"class_list":{"0":"post-79321","1":"post","2":"type-post","3":"status-publish","4":"format-standard","5":"has-post-thumbnail","7":"category-salud"},"_links":{"self":[{"href":"https:\/\/jms.com.bo\/mediamonitor\/wp-json\/wp\/v2\/posts\/79321","targetHints":{"allow":["GET"]}}],"collection":[{"href":"https:\/\/jms.com.bo\/mediamonitor\/wp-json\/wp\/v2\/posts"}],"about":[{"href":"https:\/\/jms.com.bo\/mediamonitor\/wp-json\/wp\/v2\/types\/post"}],"author":[{"embeddable":true,"href":"https:\/\/jms.com.bo\/mediamonitor\/wp-json\/wp\/v2\/users\/2"}],"replies":[{"embeddable":true,"href":"https:\/\/jms.com.bo\/mediamonitor\/wp-json\/wp\/v2\/comments?post=79321"}],"version-history":[{"count":0,"href":"https:\/\/jms.com.bo\/mediamonitor\/wp-json\/wp\/v2\/posts\/79321\/revisions"}],"wp:featuredmedia":[{"embeddable":true,"href":"https:\/\/jms.com.bo\/mediamonitor\/wp-json\/wp\/v2\/media\/79322"}],"wp:attachment":[{"href":"https:\/\/jms.com.bo\/mediamonitor\/wp-json\/wp\/v2\/media?parent=79321"}],"wp:term":[{"taxonomy":"category","embeddable":true,"href":"https:\/\/jms.com.bo\/mediamonitor\/wp-json\/wp\/v2\/categories?post=79321"},{"taxonomy":"post_tag","embeddable":true,"href":"https:\/\/jms.com.bo\/mediamonitor\/wp-json\/wp\/v2\/tags?post=79321"}],"curies":[{"name":"wp","href":"https:\/\/api.w.org\/{rel}","templated":true}]}}