{"id":79323,"date":"2025-08-12T07:29:47","date_gmt":"2025-08-12T11:29:47","guid":{"rendered":"https:\/\/jms.com.bo\/mediamonitor\/2025\/08\/12\/entregan-planta-de-cereales-que-demando-bs-5-4-millones\/"},"modified":"2025-08-12T07:29:47","modified_gmt":"2025-08-12T11:29:47","slug":"entregan-planta-de-cereales-que-demando-bs-5-4-millones","status":"publish","type":"post","link":"https:\/\/jms.com.bo\/mediamonitor\/2025\/08\/12\/entregan-planta-de-cereales-que-demando-bs-5-4-millones\/","title":{"rendered":"Entregan planta de cereales que demand\u00f3 Bs 5.4 millones"},"content":{"rendered":"<p style=\"text-align: justify;\">Con una inversi\u00f3n superior a los Bs 5,4 millones, el Gobierno, mediante el Fondo Nacional de Inversi\u00f3n Productiva y Social (FPS), entreg\u00f3 la moderna Planta Procesadora de Cereales del municipio de Tarata, ubicada en la provincia Esteban Arce del departamento de Cochabamba.<\/p>\n<p style=\"text-align: justify;\">La inauguraci\u00f3n se realiz\u00f3 en el marco de las 200 Obras del Bicentenario y con el objetivo de fortalecer la infraestructura productiva y social del pa\u00eds.<\/p>\n<p style=\"text-align: justify;\">Esta factor\u00eda no solo permitir\u00e1 diversificar la producci\u00f3n agr\u00edcola, sino tambi\u00e9n generar empleo directo e indirecto, beneficiando a 1.200 familias productoras y a m\u00e1s de 8.200 habitantes de Tarata y sus cantones.<\/p>\n<p style=\"text-align: justify;\">Gracias a esta planta, se producir\u00e1 y distribuir\u00e1 desayuno escolar nutritivo a un total de 2.927 estudiantes: 2.037 alumnos del \u00e1rea urbana, quienes recibir\u00e1n productos como pan, galletas, bizcochos, queques y empanadas; y 890 estudiantes del \u00e1rea rural, beneficiarios de bebidas tradicionales como tojor\u00ed y api.\/<\/p>\n","protected":false},"excerpt":{"rendered":"<p>Con una inversi\u00f3n superior a los Bs 5,4 millones, el Gobierno, mediante el Fondo Nacional de Inversi\u00f3n Productiva y Social (FPS), entreg\u00f3 la moderna Planta Procesadora de Cereales del municipio de Tarata, ubicada en la provincia Esteban Arce del departamento de Cochabamba. La inauguraci\u00f3n se realiz\u00f3 en el marco de las 200 Obras del Bicentenario [&hellip;]<\/p>\n","protected":false},"author":2,"featured_media":30821,"comment_status":"closed","ping_status":"open","sticky":false,"template":"","format":"standard","meta":{"footnotes":""},"categories":[57],"tags":[],"class_list":{"0":"post-79323","1":"post","2":"type-post","3":"status-publish","4":"format-standard","5":"has-post-thumbnail","7":"category-alimentos-y-agroindustria"},"_links":{"self":[{"href":"https:\/\/jms.com.bo\/mediamonitor\/wp-json\/wp\/v2\/posts\/79323","targetHints":{"allow":["GET"]}}],"collection":[{"href":"https:\/\/jms.com.bo\/mediamonitor\/wp-json\/wp\/v2\/posts"}],"about":[{"href":"https:\/\/jms.com.bo\/mediamonitor\/wp-json\/wp\/v2\/types\/post"}],"author":[{"embeddable":true,"href":"https:\/\/jms.com.bo\/mediamonitor\/wp-json\/wp\/v2\/users\/2"}],"replies":[{"embeddable":true,"href":"https:\/\/jms.com.bo\/mediamonitor\/wp-json\/wp\/v2\/comments?post=79323"}],"version-history":[{"count":0,"href":"https:\/\/jms.com.bo\/mediamonitor\/wp-json\/wp\/v2\/posts\/79323\/revisions"}],"wp:featuredmedia":[{"embeddable":true,"href":"https:\/\/jms.com.bo\/mediamonitor\/wp-json\/wp\/v2\/media\/30821"}],"wp:attachment":[{"href":"https:\/\/jms.com.bo\/mediamonitor\/wp-json\/wp\/v2\/media?parent=79323"}],"wp:term":[{"taxonomy":"category","embeddable":true,"href":"https:\/\/jms.com.bo\/mediamonitor\/wp-json\/wp\/v2\/categories?post=79323"},{"taxonomy":"post_tag","embeddable":true,"href":"https:\/\/jms.com.bo\/mediamonitor\/wp-json\/wp\/v2\/tags?post=79323"}],"curies":[{"name":"wp","href":"https:\/\/api.w.org\/{rel}","templated":true}]}}