{"id":79342,"date":"2025-08-12T07:47:55","date_gmt":"2025-08-12T11:47:55","guid":{"rendered":"https:\/\/jms.com.bo\/mediamonitor\/2025\/08\/12\/tse-confirma-segundo-debate-presidencial-para-el-martes-samuel-tuto-y-manfred-no-estaran-presentes\/"},"modified":"2025-08-12T07:47:55","modified_gmt":"2025-08-12T11:47:55","slug":"tse-confirma-segundo-debate-presidencial-para-el-martes-samuel-tuto-y-manfred-no-estaran-presentes","status":"publish","type":"post","link":"https:\/\/jms.com.bo\/mediamonitor\/2025\/08\/12\/tse-confirma-segundo-debate-presidencial-para-el-martes-samuel-tuto-y-manfred-no-estaran-presentes\/","title":{"rendered":"TSE confirma segundo debate presidencial para el martes; Samuel, Tuto y Manfred no estar\u00e1n presentes"},"content":{"rendered":"<p style=\"text-align: justify;\">Despu\u00e9s de una jornada de declaraciones contradictorias entre los propios vocales del Tribunal Supremo Electoral (TSE), la noche de este lunes, la sala plena ratific\u00f3 la realizaci\u00f3n del debate presidencial en la ciudad de La Paz.<\/p>\n<p style=\"text-align: justify;\">\u201cLa realizaci\u00f3n de la segunda etapa del Debate Presidencial, prevista para el martes 12 de agosto de 2025, queda ratificada para llevarse a cabo a las 20:00 horas en el departamento de La Paz. Dicho evento ser\u00e1 transmitido por se\u00f1al abierta\u201d, se\u00f1ala un escueto comunicado del ente electoral.<\/p>\n<p style=\"text-align: justify;\">Desde el viernes el TSE hab\u00eda mantenido un silencio inusual respecto al debate. M\u00e1s a\u00fan cuando tres de los candidatos (Samuel Doria Medina, Jorge Tuto Quiroga y Manfred Reyes Villa) pidieron la modificaci\u00f3n de horarios; mientras que los cinco candidatos pidieron respetar el calendario.<\/p>\n<p style=\"text-align: justify;\">En horas de la ma\u00f1ana, el vocal Francisco Vargas desahuci\u00f3 la realizaci\u00f3n del debate y dijo que fue la Confederaci\u00f3n de Empresarios Privados de Bolivia (CEPB) les dijo que no podr\u00edan seguir adelante al no haber una participaci\u00f3n de todos los candidatos.<\/p>\n<p style=\"text-align: justify;\">Horas despu\u00e9s otro vocal, Tahuichi Tahuichi Quispe, declar\u00f3 a los medios que el debate segu\u00eda en pie y se deb\u00eda realizar, incluso dej\u00f3 abierta la posibilidad de que los candidatos que enviaron notas para no asistir, puedan hacerlo si ellos deseaban hacerlo.<\/p>\n<p style=\"text-align: justify;\">En horas de la tarde los vocales se reunieron en sala plena y la incertidumbre creci\u00f3 porque no se decidi\u00f3 nada hasta despu\u00e9s de las 19:00 horas y nuevamente el vocal Tahuichi Tahuichi Quispe sali\u00f3 a informar que habr\u00eda el programa, pero no hubo una comunicaci\u00f3n oficial del TSE.<\/p>\n<p style=\"text-align: justify;\">A las 22:00 de este lunes el ente electoral public\u00f3 su escueto comunicado en el que hacen conocer la decisi\u00f3n de seguir con el debate.<\/p>\n","protected":false},"excerpt":{"rendered":"<p>Despu\u00e9s de una jornada de declaraciones contradictorias entre los propios vocales del Tribunal Supremo Electoral (TSE), la noche de este lunes, la sala plena ratific\u00f3 la realizaci\u00f3n del debate presidencial en la ciudad de La Paz. \u201cLa realizaci\u00f3n de la segunda etapa del Debate Presidencial, prevista para el martes 12 de agosto de 2025, queda [&hellip;]<\/p>\n","protected":false},"author":2,"featured_media":79343,"comment_status":"closed","ping_status":"open","sticky":false,"template":"","format":"standard","meta":{"footnotes":""},"categories":[18,48,46],"tags":[],"class_list":{"0":"post-79342","1":"post","2":"type-post","3":"status-publish","4":"format-standard","5":"has-post-thumbnail","7":"category-politica","8":"category-portada-general-sitio","9":"category-portada-politica"},"_links":{"self":[{"href":"https:\/\/jms.com.bo\/mediamonitor\/wp-json\/wp\/v2\/posts\/79342","targetHints":{"allow":["GET"]}}],"collection":[{"href":"https:\/\/jms.com.bo\/mediamonitor\/wp-json\/wp\/v2\/posts"}],"about":[{"href":"https:\/\/jms.com.bo\/mediamonitor\/wp-json\/wp\/v2\/types\/post"}],"author":[{"embeddable":true,"href":"https:\/\/jms.com.bo\/mediamonitor\/wp-json\/wp\/v2\/users\/2"}],"replies":[{"embeddable":true,"href":"https:\/\/jms.com.bo\/mediamonitor\/wp-json\/wp\/v2\/comments?post=79342"}],"version-history":[{"count":0,"href":"https:\/\/jms.com.bo\/mediamonitor\/wp-json\/wp\/v2\/posts\/79342\/revisions"}],"wp:featuredmedia":[{"embeddable":true,"href":"https:\/\/jms.com.bo\/mediamonitor\/wp-json\/wp\/v2\/media\/79343"}],"wp:attachment":[{"href":"https:\/\/jms.com.bo\/mediamonitor\/wp-json\/wp\/v2\/media?parent=79342"}],"wp:term":[{"taxonomy":"category","embeddable":true,"href":"https:\/\/jms.com.bo\/mediamonitor\/wp-json\/wp\/v2\/categories?post=79342"},{"taxonomy":"post_tag","embeddable":true,"href":"https:\/\/jms.com.bo\/mediamonitor\/wp-json\/wp\/v2\/tags?post=79342"}],"curies":[{"name":"wp","href":"https:\/\/api.w.org\/{rel}","templated":true}]}}