{"id":79344,"date":"2025-08-12T07:49:16","date_gmt":"2025-08-12T11:49:16","guid":{"rendered":"https:\/\/jms.com.bo\/mediamonitor\/2025\/08\/12\/el-turismo-en-el-doble-feriado-del-bicentenario-genero-unos-bs-21-millones\/"},"modified":"2025-08-12T07:49:16","modified_gmt":"2025-08-12T11:49:16","slug":"el-turismo-en-el-doble-feriado-del-bicentenario-genero-unos-bs-21-millones","status":"publish","type":"post","link":"https:\/\/jms.com.bo\/mediamonitor\/2025\/08\/12\/el-turismo-en-el-doble-feriado-del-bicentenario-genero-unos-bs-21-millones\/","title":{"rendered":"El turismo en el doble feriado del Bicentenario gener\u00f3 unos Bs 21 millones"},"content":{"rendered":"<p style=\"text-align: justify;\">El viceministro de Turismo, Hiver Flores, inform\u00f3 que el feriado de dos d\u00edas por el Bicentenario, el 6 y el 7 de agosto, gener\u00f3 unos 21 millones de bolivianos.<\/p>\n<p style=\"text-align: justify;\">\u201cHemos tenido un desplazamiento de m\u00e1s o menos 47.000 turistas, hablando del turismo interno, lo cual se traducir\u00eda m\u00e1s o menos en 21 millones de bolivianos de generaci\u00f3n econ\u00f3mica a causa de estos feriados\u201d, indic\u00f3 Flores, inform\u00f3 ABI.<\/p>\n<p style=\"text-align: justify;\">El viceministro consider\u00f3 que en el feriado largo hubo \u201cbastante movilizaci\u00f3n\u201d de personas que aprovecharon de visitar diversos atractivos tur\u00edsticos del pa\u00eds.<\/p>\n<p style=\"text-align: justify;\">El Gobierno decidi\u00f3 que en conmemoraci\u00f3n a los 200 a\u00f1os de fundaci\u00f3n e independencia de Bolivia el feriado fuera de dos d\u00edas.<\/p>\n","protected":false},"excerpt":{"rendered":"<p>El viceministro de Turismo, Hiver Flores, inform\u00f3 que el feriado de dos d\u00edas por el Bicentenario, el 6 y el 7 de agosto, gener\u00f3 unos 21 millones de bolivianos. \u201cHemos tenido un desplazamiento de m\u00e1s o menos 47.000 turistas, hablando del turismo interno, lo cual se traducir\u00eda m\u00e1s o menos en 21 millones de bolivianos [&hellip;]<\/p>\n","protected":false},"author":2,"featured_media":79345,"comment_status":"closed","ping_status":"open","sticky":false,"template":"","format":"standard","meta":{"footnotes":""},"categories":[25],"tags":[],"class_list":{"0":"post-79344","1":"post","2":"type-post","3":"status-publish","4":"format-standard","5":"has-post-thumbnail","7":"category-economia"},"_links":{"self":[{"href":"https:\/\/jms.com.bo\/mediamonitor\/wp-json\/wp\/v2\/posts\/79344","targetHints":{"allow":["GET"]}}],"collection":[{"href":"https:\/\/jms.com.bo\/mediamonitor\/wp-json\/wp\/v2\/posts"}],"about":[{"href":"https:\/\/jms.com.bo\/mediamonitor\/wp-json\/wp\/v2\/types\/post"}],"author":[{"embeddable":true,"href":"https:\/\/jms.com.bo\/mediamonitor\/wp-json\/wp\/v2\/users\/2"}],"replies":[{"embeddable":true,"href":"https:\/\/jms.com.bo\/mediamonitor\/wp-json\/wp\/v2\/comments?post=79344"}],"version-history":[{"count":0,"href":"https:\/\/jms.com.bo\/mediamonitor\/wp-json\/wp\/v2\/posts\/79344\/revisions"}],"wp:featuredmedia":[{"embeddable":true,"href":"https:\/\/jms.com.bo\/mediamonitor\/wp-json\/wp\/v2\/media\/79345"}],"wp:attachment":[{"href":"https:\/\/jms.com.bo\/mediamonitor\/wp-json\/wp\/v2\/media?parent=79344"}],"wp:term":[{"taxonomy":"category","embeddable":true,"href":"https:\/\/jms.com.bo\/mediamonitor\/wp-json\/wp\/v2\/categories?post=79344"},{"taxonomy":"post_tag","embeddable":true,"href":"https:\/\/jms.com.bo\/mediamonitor\/wp-json\/wp\/v2\/tags?post=79344"}],"curies":[{"name":"wp","href":"https:\/\/api.w.org\/{rel}","templated":true}]}}