{"id":81538,"date":"2025-10-28T07:24:02","date_gmt":"2025-10-28T11:24:02","guid":{"rendered":"https:\/\/jms.com.bo\/mediamonitor\/2025\/10\/28\/tse-evalua-el-pedido-de-entrega-de-credenciales-a-paz-y-lara-en-sucre\/"},"modified":"2025-10-28T07:24:02","modified_gmt":"2025-10-28T11:24:02","slug":"tse-evalua-el-pedido-de-entrega-de-credenciales-a-paz-y-lara-en-sucre","status":"publish","type":"post","link":"https:\/\/jms.com.bo\/mediamonitor\/2025\/10\/28\/tse-evalua-el-pedido-de-entrega-de-credenciales-a-paz-y-lara-en-sucre\/","title":{"rendered":"TSE eval\u00faa el pedido de entrega de credenciales a Paz y Lara en Sucre"},"content":{"rendered":"<p style=\"text-align: justify;\">El Tribunal Supremo Electoral (TSE) eval\u00faa la posibilidad de entregar credenciales a los electos presidente Rodrigo Paz y vicepresidente Edmand Lara en Sucre, seg\u00fan inform\u00f3 este lunes el vocal electoral Gustavo \u00c1vila.<\/p>\n<p style=\"text-align: justify;\">La autoridad electoral se\u00f1al\u00f3 que el TSE recibi\u00f3 la solicitud en ese sentido, por lo que analiza la posibilidad de tener ese evento en Sucre.<\/p>\n<p style=\"text-align: justify;\">\u00c1vila explic\u00f3 que, para que la entrega de credenciales se d\u00e9 en Sucre, se debe coordinar con los custodios de la Casa de la Libertad y tambi\u00e9n tomar los recaudos para que los invitados, entre ellos representantes diplom\u00e1ticos acreditados en el pa\u00eds, puedan acudir al evento.<\/p>\n<p style=\"text-align: justify;\">En ese sentido, \u00c1vila tambi\u00e9n se\u00f1al\u00f3 que se debe tomar en cuenta la importancia que tiene el evento de entrega de credenciales.<\/p>\n<p style=\"text-align: justify;\">La semana pasada, hubo cuestionamientos en Sucre porque se esperaba que la posici\u00f3n de Paz y Lara se realice en esa ciudad. Desde el PDC se confirm\u00f3 que el juramento de ambas autoridades ser\u00e1 en la ciudad de La Paz.<\/p>\n<p style=\"text-align: justify;\">Por otra parte, \u00c1vila ratific\u00f3 que este mi\u00e9rcoles se entregar\u00e1 credenciales a diputados, senadores y legisladores electos, tanto titulares como suplentes.<\/p>\n","protected":false},"excerpt":{"rendered":"<p>El Tribunal Supremo Electoral (TSE) eval\u00faa la posibilidad de entregar credenciales a los electos presidente Rodrigo Paz y vicepresidente Edmand Lara en Sucre, seg\u00fan inform\u00f3 este lunes el vocal electoral Gustavo \u00c1vila. La autoridad electoral se\u00f1al\u00f3 que el TSE recibi\u00f3 la solicitud en ese sentido, por lo que analiza la posibilidad de tener ese evento [&hellip;]<\/p>\n","protected":false},"author":2,"featured_media":81539,"comment_status":"closed","ping_status":"open","sticky":false,"template":"","format":"standard","meta":{"footnotes":""},"categories":[18],"tags":[],"class_list":{"0":"post-81538","1":"post","2":"type-post","3":"status-publish","4":"format-standard","5":"has-post-thumbnail","7":"category-politica"},"_links":{"self":[{"href":"https:\/\/jms.com.bo\/mediamonitor\/wp-json\/wp\/v2\/posts\/81538","targetHints":{"allow":["GET"]}}],"collection":[{"href":"https:\/\/jms.com.bo\/mediamonitor\/wp-json\/wp\/v2\/posts"}],"about":[{"href":"https:\/\/jms.com.bo\/mediamonitor\/wp-json\/wp\/v2\/types\/post"}],"author":[{"embeddable":true,"href":"https:\/\/jms.com.bo\/mediamonitor\/wp-json\/wp\/v2\/users\/2"}],"replies":[{"embeddable":true,"href":"https:\/\/jms.com.bo\/mediamonitor\/wp-json\/wp\/v2\/comments?post=81538"}],"version-history":[{"count":0,"href":"https:\/\/jms.com.bo\/mediamonitor\/wp-json\/wp\/v2\/posts\/81538\/revisions"}],"wp:featuredmedia":[{"embeddable":true,"href":"https:\/\/jms.com.bo\/mediamonitor\/wp-json\/wp\/v2\/media\/81539"}],"wp:attachment":[{"href":"https:\/\/jms.com.bo\/mediamonitor\/wp-json\/wp\/v2\/media?parent=81538"}],"wp:term":[{"taxonomy":"category","embeddable":true,"href":"https:\/\/jms.com.bo\/mediamonitor\/wp-json\/wp\/v2\/categories?post=81538"},{"taxonomy":"post_tag","embeddable":true,"href":"https:\/\/jms.com.bo\/mediamonitor\/wp-json\/wp\/v2\/tags?post=81538"}],"curies":[{"name":"wp","href":"https:\/\/api.w.org\/{rel}","templated":true}]}}