{"id":81542,"date":"2025-10-28T07:27:54","date_gmt":"2025-10-28T11:27:54","guid":{"rendered":"https:\/\/jms.com.bo\/mediamonitor\/2025\/10\/28\/al-encuentro-entre-paz-y-empresarios-asistiran-representantes-internacionales-dice-diputada-electa\/"},"modified":"2025-10-28T07:27:54","modified_gmt":"2025-10-28T11:27:54","slug":"al-encuentro-entre-paz-y-empresarios-asistiran-representantes-internacionales-dice-diputada-electa","status":"publish","type":"post","link":"https:\/\/jms.com.bo\/mediamonitor\/2025\/10\/28\/al-encuentro-entre-paz-y-empresarios-asistiran-representantes-internacionales-dice-diputada-electa\/","title":{"rendered":"Al encuentro entre Paz y empresarios asistir\u00e1n representantes internacionales, dice diputada electa"},"content":{"rendered":"<p style=\"text-align: justify;\">La diputada electa por el Partido Dem\u00f3crata Cristiano (PDC) Sandra Rivera inform\u00f3 que en la reuni\u00f3n convocada por el presidente electo, Rodrigo Paz, con el sector empresarial del pa\u00eds para el 7 de noviembre participar\u00e1n representantes internacionales.<\/p>\n<p style=\"text-align: justify;\">\u201cVienen embajadores, vienen representantes (&#8230;) de otros gobiernos, incluso del otro lado del mundo. Se est\u00e1n gestionando ah\u00ed dos invitaciones que de pronto van a gustar mucho a los empresarios\u201d, indic\u00f3 Rivera en una entrevista con Unitel.<\/p>\n<p style=\"text-align: justify;\">Encuentro se realizar\u00e1 el 7 de noviembre<\/p>\n<p style=\"text-align: justify;\">El s\u00e1bado, el presidente electo anunci\u00f3 que el pr\u00f3ximo 7 de noviembre se llevar\u00e1 a cabo un encuentro con los sectores empresariales y productivos \u201cpara iniciar un cambio en el destino de la patria\u201d.<\/p>\n<p style=\"text-align: justify;\">\u201cQuiero decir que el empresariado nacional, y especialmente las capacidades del empresariado del departamento de Santa Cruz, se han puesto la responsabilidad, y conjuntamente con su futuro gobierno nacional, llevaremos adelante este encuentro, 7 de noviembre, para iniciar un cambio en el destino de la patria\u201d, afirm\u00f3 Paz en Santa Cruz.<\/p>\n<p style=\"text-align: justify;\">El s\u00e1bado, Paz se reuni\u00f3 con representantes del sector productivo y empresarial en la Fexpocruz.<\/p>\n<p style=\"text-align: justify;\">Objetivos del encuentro<\/p>\n<p style=\"text-align: justify;\">La diputada electa explic\u00f3 que la cita de la pr\u00f3xima semana busca abrir \u201cnuevos canales de mercado\u201d y ofrecer garant\u00edas sobre el respeto a la seguridad jur\u00eddica en el pa\u00eds.<\/p>\n<p style=\"text-align: justify;\">\u201cHay que dejar en cuenta de que no se puede hablar de la crisis econ\u00f3mica si no hablamos primero tambi\u00e9n del contexto judicial\u201d, se\u00f1al\u00f3 la legisladora.<\/p>\n","protected":false},"excerpt":{"rendered":"<p>La diputada electa por el Partido Dem\u00f3crata Cristiano (PDC) Sandra Rivera inform\u00f3 que en la reuni\u00f3n convocada por el presidente electo, Rodrigo Paz, con el sector empresarial del pa\u00eds para el 7 de noviembre participar\u00e1n representantes internacionales. \u201cVienen embajadores, vienen representantes (&#8230;) de otros gobiernos, incluso del otro lado del mundo. Se est\u00e1n gestionando ah\u00ed [&hellip;]<\/p>\n","protected":false},"author":2,"featured_media":81543,"comment_status":"closed","ping_status":"open","sticky":false,"template":"","format":"standard","meta":{"footnotes":""},"categories":[25],"tags":[],"class_list":{"0":"post-81542","1":"post","2":"type-post","3":"status-publish","4":"format-standard","5":"has-post-thumbnail","7":"category-economia"},"_links":{"self":[{"href":"https:\/\/jms.com.bo\/mediamonitor\/wp-json\/wp\/v2\/posts\/81542","targetHints":{"allow":["GET"]}}],"collection":[{"href":"https:\/\/jms.com.bo\/mediamonitor\/wp-json\/wp\/v2\/posts"}],"about":[{"href":"https:\/\/jms.com.bo\/mediamonitor\/wp-json\/wp\/v2\/types\/post"}],"author":[{"embeddable":true,"href":"https:\/\/jms.com.bo\/mediamonitor\/wp-json\/wp\/v2\/users\/2"}],"replies":[{"embeddable":true,"href":"https:\/\/jms.com.bo\/mediamonitor\/wp-json\/wp\/v2\/comments?post=81542"}],"version-history":[{"count":0,"href":"https:\/\/jms.com.bo\/mediamonitor\/wp-json\/wp\/v2\/posts\/81542\/revisions"}],"wp:featuredmedia":[{"embeddable":true,"href":"https:\/\/jms.com.bo\/mediamonitor\/wp-json\/wp\/v2\/media\/81543"}],"wp:attachment":[{"href":"https:\/\/jms.com.bo\/mediamonitor\/wp-json\/wp\/v2\/media?parent=81542"}],"wp:term":[{"taxonomy":"category","embeddable":true,"href":"https:\/\/jms.com.bo\/mediamonitor\/wp-json\/wp\/v2\/categories?post=81542"},{"taxonomy":"post_tag","embeddable":true,"href":"https:\/\/jms.com.bo\/mediamonitor\/wp-json\/wp\/v2\/tags?post=81542"}],"curies":[{"name":"wp","href":"https:\/\/api.w.org\/{rel}","templated":true}]}}