{"id":82083,"date":"2025-11-18T07:13:12","date_gmt":"2025-11-18T11:13:12","guid":{"rendered":"https:\/\/jms.com.bo\/mediamonitor\/2025\/11\/18\/magistrados-electos-del-tcp-denuncian-a-autoprorrogados-por-abusos-y-anomalias\/"},"modified":"2025-11-18T07:13:12","modified_gmt":"2025-11-18T11:13:12","slug":"magistrados-electos-del-tcp-denuncian-a-autoprorrogados-por-abusos-y-anomalias","status":"publish","type":"post","link":"https:\/\/jms.com.bo\/mediamonitor\/2025\/11\/18\/magistrados-electos-del-tcp-denuncian-a-autoprorrogados-por-abusos-y-anomalias\/","title":{"rendered":"Magistrados electos del TCP denuncian a \u201cautoprorrogados\u201d por \u201cabusos y anomal\u00edas\u201d"},"content":{"rendered":"<p style=\"text-align: justify;\">A trav\u00e9s de un video compartido en las redes sociales, los cuatro magistrados constitucionales que fueron electos por voto en diciembre del 2024 denuncian que los cinco \u201cautoprorrogados\u201d cometen \u201canomal\u00edas y abusos\u201d para ejercer el dominio de la sala plena y de la Comisi\u00f3n de Admisi\u00f3n de causas del Tribunal Constitucional Plurinacional (TCP) y permanecer en sus cargos<\/p>\n<p style=\"text-align: justify;\">\u201cTodos estos abusos y anomal\u00edas tienen un solo fin, la permanencia para ejercer el dominio tanto de la Sala Plena como de la Comisi\u00f3n de Admisi\u00f3n\u201d, manifest\u00f3 Paola Prudencio, magistrada electa del TCP.<\/p>\n<p style=\"text-align: justify;\">Prudencio agreg\u00f3 que los magistrados \u201cautoprorrogados\u201d han frenado de manera \u201csistem\u00e1tica\u201d las facultades de la Asamblea Legislativa Plurinacional (ALP) para cesarlos en sus funciones.<\/p>\n<p style=\"text-align: justify;\">La magistrada puntualiza que la primera vez fue con la emisi\u00f3n del auto constitucional 0053\/2024-0 que declar\u00f3 a lugar la primera queja por incumplimiento constitucional, frenando la sanci\u00f3n de los proyectos de ley 073 y 075 que establec\u00edan su cesaci\u00f3n.<\/p>\n<p style=\"text-align: justify;\">La segunda ocurri\u00f3 este 2025, con la emisi\u00f3n del auto constitucional 002\/2025-0, que declar\u00f3 la inconstitucionalidad del proyecto de ley 0124, que dispon\u00eda la conformaci\u00f3n y funcionamiento excepcional del Tribunal Constitucional Plurinacional y el Tribunal Supremo de Justicia.<\/p>\n<p style=\"text-align: justify;\">La magistrada se\u00f1al\u00f3 que los cuatro magistrados electos presentaron un incidente de nulidad en rechazo al auto constitucional 002\/2025-0; sin embargo, hasta la fecha no existe un pronunciamiento.<\/p>\n<p style=\"text-align: justify;\">La tercera vez fue con la emisi\u00f3n del auto constitucional 070\/2025-0, notificado el 31 de octubre durante un feriado nacional que declara la inconstitucionalidad del proyecto de ley 259, que preve\u00eda el funcionamiento transitorio del Tribunal Constitucional Plurinacional y el Tribunal Supremo de Justicia.<\/p>\n<p style=\"text-align: justify;\">\u201cOlvidan que la soberan\u00eda reside en el pueblo boliviano, que ha confiado en sus autoridades electas en el \u00d3rgano Legislativo y en el Ejecutivo para reponer el orden democr\u00e1tico constitucional\u201d, concluy\u00f3 Prudencio. (Unitel)<\/p>\n","protected":false},"excerpt":{"rendered":"<p>A trav\u00e9s de un video compartido en las redes sociales, los cuatro magistrados constitucionales que fueron electos por voto en diciembre del 2024 denuncian que los cinco \u201cautoprorrogados\u201d cometen \u201canomal\u00edas y abusos\u201d para ejercer el dominio de la sala plena y de la Comisi\u00f3n de Admisi\u00f3n de causas del Tribunal Constitucional Plurinacional (TCP) y permanecer [&hellip;]<\/p>\n","protected":false},"author":2,"featured_media":31744,"comment_status":"closed","ping_status":"open","sticky":false,"template":"","format":"standard","meta":{"footnotes":""},"categories":[18,48,46],"tags":[],"class_list":{"0":"post-82083","1":"post","2":"type-post","3":"status-publish","4":"format-standard","5":"has-post-thumbnail","7":"category-politica","8":"category-portada-general-sitio","9":"category-portada-politica"},"_links":{"self":[{"href":"https:\/\/jms.com.bo\/mediamonitor\/wp-json\/wp\/v2\/posts\/82083","targetHints":{"allow":["GET"]}}],"collection":[{"href":"https:\/\/jms.com.bo\/mediamonitor\/wp-json\/wp\/v2\/posts"}],"about":[{"href":"https:\/\/jms.com.bo\/mediamonitor\/wp-json\/wp\/v2\/types\/post"}],"author":[{"embeddable":true,"href":"https:\/\/jms.com.bo\/mediamonitor\/wp-json\/wp\/v2\/users\/2"}],"replies":[{"embeddable":true,"href":"https:\/\/jms.com.bo\/mediamonitor\/wp-json\/wp\/v2\/comments?post=82083"}],"version-history":[{"count":0,"href":"https:\/\/jms.com.bo\/mediamonitor\/wp-json\/wp\/v2\/posts\/82083\/revisions"}],"wp:featuredmedia":[{"embeddable":true,"href":"https:\/\/jms.com.bo\/mediamonitor\/wp-json\/wp\/v2\/media\/31744"}],"wp:attachment":[{"href":"https:\/\/jms.com.bo\/mediamonitor\/wp-json\/wp\/v2\/media?parent=82083"}],"wp:term":[{"taxonomy":"category","embeddable":true,"href":"https:\/\/jms.com.bo\/mediamonitor\/wp-json\/wp\/v2\/categories?post=82083"},{"taxonomy":"post_tag","embeddable":true,"href":"https:\/\/jms.com.bo\/mediamonitor\/wp-json\/wp\/v2\/tags?post=82083"}],"curies":[{"name":"wp","href":"https:\/\/api.w.org\/{rel}","templated":true}]}}