{"id":82096,"date":"2025-11-18T07:40:58","date_gmt":"2025-11-18T11:40:58","guid":{"rendered":"https:\/\/jms.com.bo\/mediamonitor\/2025\/11\/18\/el-agotamiento-del-gas-natural-en-bolivia-es-real-y-era-la-principal-fuente-de-ingresos-del-pais\/"},"modified":"2025-11-18T07:40:58","modified_gmt":"2025-11-18T11:40:58","slug":"el-agotamiento-del-gas-natural-en-bolivia-es-real-y-era-la-principal-fuente-de-ingresos-del-pais","status":"publish","type":"post","link":"https:\/\/jms.com.bo\/mediamonitor\/2025\/11\/18\/el-agotamiento-del-gas-natural-en-bolivia-es-real-y-era-la-principal-fuente-de-ingresos-del-pais\/","title":{"rendered":"El agotamiento del gas natural en Bolivia es real y era la principal fuente de ingresos del pa\u00eds"},"content":{"rendered":"<p style=\"text-align: justify;\">El presidente de Bolivia, Rodrigo Paz, se\u00f1al\u00f3 la noche del domingo que seg\u00fan las investigaciones que realizan los ministerios, el da\u00f1o econ\u00f3mico al Estado durante los gobiernos del Movimiento Al Socialismo (2006-2025, con excepci\u00f3n de un a\u00f1o) supera los 15.000 millones de d\u00f3lares y asegur\u00f3 que no habr\u00e1 impunidad para los responsables.<\/p>\n<p style=\"text-align: justify;\">Hasta ahora la cifra del posible robo, porque hay que certificarlo, est\u00e1 por encima de los 15 mil millones de d\u00f3lares. Esto no podemos dejarlo pasar, no es un tema pol\u00edtico. Nos han robado parte del futuro de la patria, unos cuantos ladrones, manifest\u00f3 en conferencia de prensa luego de una reuni\u00f3n con su gabinete.<\/p>\n<p style=\"text-align: justify;\">El jefe de Estado se\u00f1al\u00f3 que no habr\u00e1 persecuci\u00f3n como se hac\u00eda en el pasado y asegur\u00f3 que todas las acusaciones ser\u00e1n presentadas con respaldo. Sin embargo, durante la conferencia de prensa, no se ofreci\u00f3 ninguna prueba ni explicaci\u00f3n sobre c\u00f3mo se calcul\u00f3 la cifra del da\u00f1o econ\u00f3mico generado en los \u00faltimos veinte a\u00f1os.<\/p>\n<p style=\"text-align: justify;\">Paz, que asumi\u00f3 funciones el 8 de noviembre, inform\u00f3 tambi\u00e9n que el presupuesto del Estado para esta gesti\u00f3n se agot\u00f3 antes del cambio de Gobierno. Nos dejaron sin nada en las arcas, no hay platita, se gastaron toda la platita, afirm\u00f3.<\/p>\n<p style=\"text-align: justify;\">La econom\u00eda boliviana atraviesa la peor crisis econ\u00f3mica de las \u00faltimas d\u00e9cadas. En el primer semestre de 2025, el Producto Interno Bruto (PIB) registr\u00f3 una ca\u00edda de 2,4%, cifra que no se observaba desde los a\u00f1os ochenta, y organismos internacionales proyectan que el pa\u00eds estar\u00e1 en recesi\u00f3n hasta 2027.<\/p>\n<p style=\"text-align: justify;\">La crisis est\u00e1 ligada a factores estructurales y coyunturales. El agotamiento del gas natural, que era la principal fuente de ingresos, ha reducido los ingresos por exportaciones, lo que ha generado una disminuci\u00f3n de las reservas y una mayor dependencia de financiaci\u00f3n externa.<\/p>\n<p style=\"text-align: justify;\">La situaci\u00f3n se agudiza por presiones inflacionarias altas, un creciente d\u00e9ficit fiscal y una brecha cambiaria que deteriora la capacidad de importaci\u00f3n e incrementa el precio de insumos b\u00e1sicos. A esto se suma la dependencia de las importaciones de combustible y la pol\u00edtica de subvenci\u00f3n, que genera uno de los mayores gastos p\u00fablicos y que ha provocado en los \u00faltimos a\u00f1os periodos prolongados de escasez.<\/p>\n<p style=\"text-align: justify;\">En ese contexto, el Gobierno prometi\u00f3 una serie de ajustes en la administraci\u00f3n fiscal y acuerdos con organismos de financiamiento internacional para superar la crisis. Antes de asumir el Gobierno, el presidente Paz logr\u00f3 conseguir un pr\u00e9stamo de 3.100 millones de d\u00f3lares del Banco de Desarrollo de Am\u00e9rica Latina y el Caribe \u2013 CAF y se\u00f1al\u00f3 que en los pr\u00f3ximos d\u00edas se anunciar\u00e1n acuerdos con otras organizaciones.<\/p>\n<p style=\"text-align: justify;\">Durante las primeras semanas tras resultar electo, el presidente y su equipo econ\u00f3mico se reunieron con funcionarios del Gobierno de Estados Unidos y de organismos multilaterales como el Banco Mundial y el Fondo Monetario Internacional, en busca de respaldo para ejecutar su plan econ\u00f3mico, recoge Alberto News.<\/p>\n<p style=\"text-align: justify;\">D\u00edas atr\u00e1s, el ministro de Econom\u00eda, Jos\u00e9 Gabriel Espinoza, inform\u00f3 que durante esta y la pr\u00f3xima semana, adem\u00e1s de los acuerdos sobre posibles cr\u00e9ditos internacionales, se anunciar\u00e1n dos bater\u00edas de decretos para iniciar con los ajustes fiscales para recuperar la estabilidad econ\u00f3mica del pa\u00eds.<\/p>\n<p style=\"text-align: justify;\">Vamos a ir presentando (las medidas) para llevar, tenemos una visi\u00f3n de c\u00f3mo estabilizar la econom\u00eda, prometi\u00f3 este domingo Paz, que sin ahorrar met\u00e1foras calific\u00f3 la situaci\u00f3n del pa\u00eds como una cloaca con tent\u00e1culos de pulpo.<\/p>\n","protected":false},"excerpt":{"rendered":"<p>El presidente de Bolivia, Rodrigo Paz, se\u00f1al\u00f3 la noche del domingo que seg\u00fan las investigaciones que realizan los ministerios, el da\u00f1o econ\u00f3mico al Estado durante los gobiernos del Movimiento Al Socialismo (2006-2025, con excepci\u00f3n de un a\u00f1o) supera los 15.000 millones de d\u00f3lares y asegur\u00f3 que no habr\u00e1 impunidad para los responsables. Hasta ahora la [&hellip;]<\/p>\n","protected":false},"author":2,"featured_media":76168,"comment_status":"closed","ping_status":"open","sticky":false,"template":"","format":"standard","meta":{"footnotes":""},"categories":[48,43],"tags":[],"class_list":{"0":"post-82096","1":"post","2":"type-post","3":"status-publish","4":"format-standard","5":"has-post-thumbnail","7":"category-portada-general-sitio","8":"category-portada-oil-gas"},"_links":{"self":[{"href":"https:\/\/jms.com.bo\/mediamonitor\/wp-json\/wp\/v2\/posts\/82096","targetHints":{"allow":["GET"]}}],"collection":[{"href":"https:\/\/jms.com.bo\/mediamonitor\/wp-json\/wp\/v2\/posts"}],"about":[{"href":"https:\/\/jms.com.bo\/mediamonitor\/wp-json\/wp\/v2\/types\/post"}],"author":[{"embeddable":true,"href":"https:\/\/jms.com.bo\/mediamonitor\/wp-json\/wp\/v2\/users\/2"}],"replies":[{"embeddable":true,"href":"https:\/\/jms.com.bo\/mediamonitor\/wp-json\/wp\/v2\/comments?post=82096"}],"version-history":[{"count":0,"href":"https:\/\/jms.com.bo\/mediamonitor\/wp-json\/wp\/v2\/posts\/82096\/revisions"}],"wp:featuredmedia":[{"embeddable":true,"href":"https:\/\/jms.com.bo\/mediamonitor\/wp-json\/wp\/v2\/media\/76168"}],"wp:attachment":[{"href":"https:\/\/jms.com.bo\/mediamonitor\/wp-json\/wp\/v2\/media?parent=82096"}],"wp:term":[{"taxonomy":"category","embeddable":true,"href":"https:\/\/jms.com.bo\/mediamonitor\/wp-json\/wp\/v2\/categories?post=82096"},{"taxonomy":"post_tag","embeddable":true,"href":"https:\/\/jms.com.bo\/mediamonitor\/wp-json\/wp\/v2\/tags?post=82096"}],"curies":[{"name":"wp","href":"https:\/\/api.w.org\/{rel}","templated":true}]}}