{"id":82109,"date":"2025-11-19T07:33:11","date_gmt":"2025-11-19T11:33:11","guid":{"rendered":"https:\/\/jms.com.bo\/mediamonitor\/2025\/11\/19\/acaba-un-paro-de-24-horas-del-sector-salud-y-anuncian-otro-de-48-horas-desde-el-miercoles\/"},"modified":"2025-11-19T07:33:11","modified_gmt":"2025-11-19T11:33:11","slug":"acaba-un-paro-de-24-horas-del-sector-salud-y-anuncian-otro-de-48-horas-desde-el-miercoles","status":"publish","type":"post","link":"https:\/\/jms.com.bo\/mediamonitor\/2025\/11\/19\/acaba-un-paro-de-24-horas-del-sector-salud-y-anuncian-otro-de-48-horas-desde-el-miercoles\/","title":{"rendered":"Acaba un paro de 24 horas del sector salud y anuncian otro de 48 horas desde el mi\u00e9rcoles"},"content":{"rendered":"<p style=\"text-align: justify;\">Los paros del sector salud no dan tregua en Santa Cruz. Este martes se acat\u00f3 un paro de 24 horas convocado por la Federaci\u00f3n de Profesionales en Salud (Fesirmes) y desde este mi\u00e9rcoles se anuncia otro de 48 horas, determinado por la federaci\u00f3n de trabajadores del rubro. Debido a las protestas est\u00e1n suspendidas las consultas externas y solo operan los servicios de emergencia en hospitales y centros de salud.<\/p>\n<p style=\"text-align: justify;\">Fesirmes tom\u00f3 la decisi\u00f3n tras reiterados reclamos por sueldos retrasados y la falta de soluci\u00f3n a la situaci\u00f3n de trabajadores con \u00edtems. El secretario de conflictos de Fesirmes, Evert Pati\u00f1o, se\u00f1al\u00f3 que el municipio no asisti\u00f3 a la reuni\u00f3n que deb\u00eda realizarse con el sector.<\/p>\n<p style=\"text-align: justify;\">Seg\u00fan explic\u00f3, 466 profesionales contin\u00faan sin cobrar dos meses de salario y existe el riesgo de que tampoco se les pague noviembre y diciembre. Durante la jornada, adem\u00e1s de la suspensi\u00f3n de consultas externas, los trabajadores realizaron un cacerolazo en la Quinta Municipal.<\/p>\n<p style=\"text-align: justify;\">Con ollas en alto y carteles, exigieron respuestas sobre los retrasos administrativos que afectan al personal contratado y con \u00edtems.<\/p>\n<p style=\"text-align: justify;\">Las denuncias del sector incluyen: retraso en la cancelaci\u00f3n de sueldos a personal de contratos, impago de m\u00e1s de dos meses a 466 profesionales con \u00edtems, descuentos considerados injustificados, falta del pago de subsidios desde enero, necesidad de reposici\u00f3n de profesionales y especialistas y recontrataci\u00f3n de personal para la gesti\u00f3n 2026, con el fin de asegurar la continuidad de los servicios de salud.<\/p>\n<p style=\"text-align: justify;\">Desde la gobernaci\u00f3n, el secretario de Salud, Edil Toledo, afirm\u00f3 que el pago del incremento salarial y retroactivo al sector est\u00e1n en proceso, tras cumplir 10 pasos administrativos en tiempo r\u00e9cord, entre ellos la documentaci\u00f3n para el Ministerio de Econom\u00eda, entidad que autoriza el presupuesto.<\/p>\n","protected":false},"excerpt":{"rendered":"<p>Los paros del sector salud no dan tregua en Santa Cruz. Este martes se acat\u00f3 un paro de 24 horas convocado por la Federaci\u00f3n de Profesionales en Salud (Fesirmes) y desde este mi\u00e9rcoles se anuncia otro de 48 horas, determinado por la federaci\u00f3n de trabajadores del rubro. Debido a las protestas est\u00e1n suspendidas las consultas [&hellip;]<\/p>\n","protected":false},"author":2,"featured_media":82110,"comment_status":"closed","ping_status":"open","sticky":false,"template":"","format":"standard","meta":{"footnotes":""},"categories":[49],"tags":[],"class_list":{"0":"post-82109","1":"post","2":"type-post","3":"status-publish","4":"format-standard","5":"has-post-thumbnail","7":"category-social"},"_links":{"self":[{"href":"https:\/\/jms.com.bo\/mediamonitor\/wp-json\/wp\/v2\/posts\/82109","targetHints":{"allow":["GET"]}}],"collection":[{"href":"https:\/\/jms.com.bo\/mediamonitor\/wp-json\/wp\/v2\/posts"}],"about":[{"href":"https:\/\/jms.com.bo\/mediamonitor\/wp-json\/wp\/v2\/types\/post"}],"author":[{"embeddable":true,"href":"https:\/\/jms.com.bo\/mediamonitor\/wp-json\/wp\/v2\/users\/2"}],"replies":[{"embeddable":true,"href":"https:\/\/jms.com.bo\/mediamonitor\/wp-json\/wp\/v2\/comments?post=82109"}],"version-history":[{"count":0,"href":"https:\/\/jms.com.bo\/mediamonitor\/wp-json\/wp\/v2\/posts\/82109\/revisions"}],"wp:featuredmedia":[{"embeddable":true,"href":"https:\/\/jms.com.bo\/mediamonitor\/wp-json\/wp\/v2\/media\/82110"}],"wp:attachment":[{"href":"https:\/\/jms.com.bo\/mediamonitor\/wp-json\/wp\/v2\/media?parent=82109"}],"wp:term":[{"taxonomy":"category","embeddable":true,"href":"https:\/\/jms.com.bo\/mediamonitor\/wp-json\/wp\/v2\/categories?post=82109"},{"taxonomy":"post_tag","embeddable":true,"href":"https:\/\/jms.com.bo\/mediamonitor\/wp-json\/wp\/v2\/tags?post=82109"}],"curies":[{"name":"wp","href":"https:\/\/api.w.org\/{rel}","templated":true}]}}