{"id":82111,"date":"2025-11-19T07:34:51","date_gmt":"2025-11-19T11:34:51","guid":{"rendered":"https:\/\/jms.com.bo\/mediamonitor\/2025\/11\/19\/la-gestora-en-la-mira-piden-su-intervencion-y-transparencia\/"},"modified":"2025-11-19T07:34:51","modified_gmt":"2025-11-19T11:34:51","slug":"la-gestora-en-la-mira-piden-su-intervencion-y-transparencia","status":"publish","type":"post","link":"https:\/\/jms.com.bo\/mediamonitor\/2025\/11\/19\/la-gestora-en-la-mira-piden-su-intervencion-y-transparencia\/","title":{"rendered":"La Gestora en la \u201cmira\u201d, piden su intervenci\u00f3n y transparencia"},"content":{"rendered":"<p style=\"text-align: justify;\">La Gestora P\u00fablica de la Seguridad Social de Largo Plazo nuevamente est\u00e1 en el centro de la pol\u00e9mica. Diversos sectores sociales y econ\u00f3micos han pedido su intervenci\u00f3n t\u00e9cnica y una auditor\u00eda integral, luego de que el propio Ministerio de Econom\u00eda reconociera la existencia de irregularidades en el manejo de la entidad, que en otros tiempos incluso fue se\u00f1alada como la \u201ccaja chica\u201d del Gobierno.<\/p>\n<p style=\"text-align: justify;\">La instituci\u00f3n estatal, encargada de administrar los fondos de jubilaci\u00f3n desde hace m\u00e1s de dos a\u00f1os, arrastra cr\u00edticas desde antes de su plena operaci\u00f3n. Observaciones que apuntan al bajo rendimiento de las inversiones, la falta de transparencia en la informaci\u00f3n sobre el uso de los aportes y la d\u00e9bil fiscalizaci\u00f3n sobre las decisiones adoptadas por su alta gerencia.<\/p>\n<p style=\"text-align: justify;\">Jubilados exigen revelar contratos<\/p>\n<p style=\"text-align: justify;\">La Confederaci\u00f3n Nacional de Jubilados fue uno de los sectores que m\u00e1s recientemente alz\u00f3 la voz. Exigen una intervenci\u00f3n inmediata y auditor\u00edas externas que permitan esclarecer el verdadero estado de los fondos de pensiones.<\/p>\n<p style=\"text-align: justify;\">Su representante, Rodolfo Ayala, demand\u00f3 que la Gestora haga p\u00fablicos los contratos vinculados a las inversiones realizadas con los aportes de los trabajadores.<\/p>\n<p style=\"text-align: justify;\">Afirm\u00f3 que el sector se mantiene en emergencia y anunci\u00f3 procesos contra exautoridades del Ministerio de Econom\u00eda y de la Autoridad de Fiscalizaci\u00f3n y Control de Pensiones y Seguros (APS), entre otros, ante un presunto \u201cmal manejo\u201d de los recursos.<\/p>\n<p style=\"text-align: justify;\">\u201cLa plata de los bolivianos no puede ser desfalcada\u201d, reclam\u00f3 Ayala, citado por la Agencia Boliviana de Informaci\u00f3n.<\/p>\n<p style=\"text-align: justify;\">Cabe recordar que la Gestora comenz\u00f3 sus operaciones plenas en mayo de 2023, asumiendo la administraci\u00f3n del pago de pensiones y la recepci\u00f3n de aportes laborales que antes estaban a cargo de las AFP.<\/p>\n<p style=\"text-align: justify;\">Desde Tarija piden intervenci\u00f3n inmediata<\/p>\n<p style=\"text-align: justify;\">Desde Tarija tambi\u00e9n se han sumado las observaciones. El exdirigente c\u00edvico Alex Orellana record\u00f3 que la demanda de auditor\u00edas no es reciente, pues ya exist\u00edan dudas sobre la gesti\u00f3n de los recursos desde la \u00e9poca de las AFP.<\/p>\n<p style=\"text-align: justify;\">\u201cTienen que demostrar qu\u00e9 es lo que pasa con los recursos de los trabajadores, no est\u00e1 nada claro. Esperamos que el Gobierno Nacional pueda intervenir de forma inmediata y as\u00ed saber si ha habido malversaci\u00f3n\u201d, manifest\u00f3 Orellana entrevistado por Plus TLT.<\/p>\n<p style=\"text-align: justify;\">Orellana tambi\u00e9n record\u00f3 que durante la gesti\u00f3n del Movimiento al Socialismo (MAS) se habl\u00f3 de pr\u00e9stamos obtenidos de los fondos de pensiones para financiar bonos sociales. Sin embargo, hasta la fecha \u2014asegura\u2014 no se conoce con precisi\u00f3n el monto ni las condiciones de esos cr\u00e9ditos.<\/p>\n<p style=\"text-align: justify;\">Consultado sobre los plazos para una intervenci\u00f3n, se\u00f1al\u00f3 que esta deber\u00eda ejecutarse \u201cinmediatamente\u201d, m\u00e1s a\u00fan considerando que ya se ha solicitado el arraigo de exautoridades para evitar su salida del pa\u00eds mientras se esclarecen las denuncias.<\/p>\n<p style=\"text-align: justify;\">Gestora no puede ser la \u201ccaja chica\u201d del Estado<\/p>\n<p style=\"text-align: justify;\">El ministro de Econom\u00eda y Finanzas P\u00fablicas, Jos\u00e9 Gabriel Espinoza Y\u00e1\u00f1ez, durante la posesi\u00f3n de Marcelo Vladimir Fern\u00e1ndez Quiroga como nuevo gerente de la Gestora, instruy\u00f3 proteger estrictamente los aportes de los trabajadores.<\/p>\n<p style=\"text-align: justify;\">\u201cLos aportes de los trabajadores son sagrados, eso significa que deben ser administrados con independencia, con responsabilidad y con visi\u00f3n de largo plazo. Otra de las cajas chicas del Gobierno nacional, en el pasado, adem\u00e1s del Banco Central de Bolivia, ha sido la Gestora, bueno Vladimir tiene hoy d\u00eda la misi\u00f3n de quitarle esa caja chica al Estado y administrar con responsabilidad esos recursos\u201d, expuso.<\/p>\n<p style=\"text-align: justify;\">Espinoza tambi\u00e9n solicit\u00f3 fortalecer un sistema financiero que permita que los aportes generen rendimiento, impulsando el cr\u00e9dito hacia el sector privado y fomentando actividades productivas.<\/p>\n<p style=\"text-align: justify;\">La Gestora es prioridad para la nueva Asamblea<br \/>\nEl diputado por la alianza Libre, Jos\u00e9 Luis Porcel, se\u00f1al\u00f3 que la situaci\u00f3n de la Gestora P\u00fablica de la Seguridad Social de Largo Plazo, es uno de los temas que ser\u00e1n prioridad para la nueva Asamblea Legislativa Plurinacional.<\/p>\n<p style=\"text-align: justify;\">Porcel en una anterior entrevista con El Pa\u00eds, reconoci\u00f3 que existen serias denuncias en torno al manejo y transparencia de los recursos que administra la Gestora, por ello, ve necesario que el trabajo no solamente est\u00e9 limitado a una intervenci\u00f3n, sino a que pueda generarse un marco normativo modificatorio en torno a la Ley de Pensiones que proteja los aportes de los trabajadores, adem\u00e1s que sean objetos a fiscalizaci\u00f3n permanente.<\/p>\n","protected":false},"excerpt":{"rendered":"<p>La Gestora P\u00fablica de la Seguridad Social de Largo Plazo nuevamente est\u00e1 en el centro de la pol\u00e9mica. Diversos sectores sociales y econ\u00f3micos han pedido su intervenci\u00f3n t\u00e9cnica y una auditor\u00eda integral, luego de que el propio Ministerio de Econom\u00eda reconociera la existencia de irregularidades en el manejo de la entidad, que en otros tiempos [&hellip;]<\/p>\n","protected":false},"author":2,"featured_media":82112,"comment_status":"closed","ping_status":"open","sticky":false,"template":"","format":"standard","meta":{"footnotes":""},"categories":[20],"tags":[],"class_list":{"0":"post-82111","1":"post","2":"type-post","3":"status-publish","4":"format-standard","5":"has-post-thumbnail","7":"category-actualidad"},"_links":{"self":[{"href":"https:\/\/jms.com.bo\/mediamonitor\/wp-json\/wp\/v2\/posts\/82111","targetHints":{"allow":["GET"]}}],"collection":[{"href":"https:\/\/jms.com.bo\/mediamonitor\/wp-json\/wp\/v2\/posts"}],"about":[{"href":"https:\/\/jms.com.bo\/mediamonitor\/wp-json\/wp\/v2\/types\/post"}],"author":[{"embeddable":true,"href":"https:\/\/jms.com.bo\/mediamonitor\/wp-json\/wp\/v2\/users\/2"}],"replies":[{"embeddable":true,"href":"https:\/\/jms.com.bo\/mediamonitor\/wp-json\/wp\/v2\/comments?post=82111"}],"version-history":[{"count":0,"href":"https:\/\/jms.com.bo\/mediamonitor\/wp-json\/wp\/v2\/posts\/82111\/revisions"}],"wp:featuredmedia":[{"embeddable":true,"href":"https:\/\/jms.com.bo\/mediamonitor\/wp-json\/wp\/v2\/media\/82112"}],"wp:attachment":[{"href":"https:\/\/jms.com.bo\/mediamonitor\/wp-json\/wp\/v2\/media?parent=82111"}],"wp:term":[{"taxonomy":"category","embeddable":true,"href":"https:\/\/jms.com.bo\/mediamonitor\/wp-json\/wp\/v2\/categories?post=82111"},{"taxonomy":"post_tag","embeddable":true,"href":"https:\/\/jms.com.bo\/mediamonitor\/wp-json\/wp\/v2\/tags?post=82111"}],"curies":[{"name":"wp","href":"https:\/\/api.w.org\/{rel}","templated":true}]}}