{"id":82117,"date":"2025-11-19T07:38:31","date_gmt":"2025-11-19T11:38:31","guid":{"rendered":"https:\/\/jms.com.bo\/mediamonitor\/2025\/11\/19\/saucedo-respalda-la-denuncia-contra-los-autoprorrogados-en-el-tcp\/"},"modified":"2025-11-19T07:38:31","modified_gmt":"2025-11-19T11:38:31","slug":"saucedo-respalda-la-denuncia-contra-los-autoprorrogados-en-el-tcp","status":"publish","type":"post","link":"https:\/\/jms.com.bo\/mediamonitor\/2025\/11\/19\/saucedo-respalda-la-denuncia-contra-los-autoprorrogados-en-el-tcp\/","title":{"rendered":"Saucedo respalda la denuncia contra los \u2018autoprorrogados\u2019 en el TCP"},"content":{"rendered":"<p style=\"text-align: justify;\">El presidente del Tribunal Supremo de Justicia (TSJ), R\u00f3mer Saucedo G\u00f3mez, manifest\u00f3 que respalda a los cuatro magistrados electos en la gesti\u00f3n 2024 para el Tribunal Constitucional Plurinacional (TCP), que denunciaron la presunta irregularidad del Auto Constitucional 070\/2025, norma que seg\u00fan su observaci\u00f3n, habilitar\u00eda una tercera pr\u00f3rroga de mandato para autoridades cuyo periodo ya concluy\u00f3.<\/p>\n<p style=\"text-align: justify;\">La autoridad judicial cuestion\u00f3 que la resoluci\u00f3n constitucional \u201cimponga frenos a la Asamblea Legislativa\u201d, al impedir que ese \u00f3rgano ejerza sus funciones dentro del marco de sus atribuciones constitucionales.<\/p>\n<p style=\"text-align: justify;\">\u201cEl pa\u00eds no puede reconstruirse tolerando este tipo de ilegalidades\u201d, enfatiz\u00f3 Saucedo, al manifestar su apoyo a los magistrados del TCP que hicieron p\u00fablica su objeci\u00f3n. \u201cQueremos decirles que no est\u00e1n solos. Nuestra lucha institucional seguir\u00e1\u201d, a\u00f1adi\u00f3 el titular del TSJ.<\/p>\n<p style=\"text-align: justify;\">Antecedentes<br \/>\nEn octubre, Saucedo pidi\u00f3 la renuncia inmediata de los cinco magistrados \u2018autoprorrogados\u2019 del Tribunal Constitucional Plurinacional (TCP), a quienes acus\u00f3 de da\u00f1ar la democracia. Mientras, desde el TCP le recordaron que solo una elecci\u00f3n por voto puede sustituirlos y expresaron sorpresa por el cambio de postura del titular del TSJ.<\/p>\n<p style=\"text-align: justify;\">El ultim\u00e1tum de Saucedo tuvo lugar a un mes de la culminaci\u00f3n del mandato de la Asamblea Legislativa y del Ejecutivo, un final que tambi\u00e9n coincide con una hist\u00f3rica transici\u00f3n pol\u00edtica que marca el ocaso del MAS en el poder. \u201cHay dos caminos: renuncian inmediatamente a sus cargos porque no gozan de legalidad y legitimidad o esperan ser expulsados como usurpadores de la Constituci\u00f3n y las leyes. \u00a1Bolivia debe recuperar la institucionalidad!\u201d, escribi\u00f3 R\u00f3mer Saucedo en su cuenta oficial en X.<\/p>\n<p style=\"text-align: justify;\">El mensaje estuvo acompa\u00f1ado de las fotograf\u00edas de los magistrados Gonzalo Hurtado (Beni), Ren\u00e9 Yv\u00e1n Espada (Pando), Karem Lorena Gallardo (Cochabamba), Isidora Jim\u00e9nez (Santa Cruz) y Julia Elizabeth Cornejo (Tarija), quienes ampliaron sus funciones pese a que su mandato otorgado con a trav\u00e9s del voto ciudadano concluyera en diciembre de 2023.<\/p>\n","protected":false},"excerpt":{"rendered":"<p>El presidente del Tribunal Supremo de Justicia (TSJ), R\u00f3mer Saucedo G\u00f3mez, manifest\u00f3 que respalda a los cuatro magistrados electos en la gesti\u00f3n 2024 para el Tribunal Constitucional Plurinacional (TCP), que denunciaron la presunta irregularidad del Auto Constitucional 070\/2025, norma que seg\u00fan su observaci\u00f3n, habilitar\u00eda una tercera pr\u00f3rroga de mandato para autoridades cuyo periodo ya concluy\u00f3. [&hellip;]<\/p>\n","protected":false},"author":2,"featured_media":33024,"comment_status":"closed","ping_status":"open","sticky":false,"template":"","format":"standard","meta":{"footnotes":""},"categories":[18],"tags":[],"class_list":{"0":"post-82117","1":"post","2":"type-post","3":"status-publish","4":"format-standard","5":"has-post-thumbnail","7":"category-politica"},"_links":{"self":[{"href":"https:\/\/jms.com.bo\/mediamonitor\/wp-json\/wp\/v2\/posts\/82117","targetHints":{"allow":["GET"]}}],"collection":[{"href":"https:\/\/jms.com.bo\/mediamonitor\/wp-json\/wp\/v2\/posts"}],"about":[{"href":"https:\/\/jms.com.bo\/mediamonitor\/wp-json\/wp\/v2\/types\/post"}],"author":[{"embeddable":true,"href":"https:\/\/jms.com.bo\/mediamonitor\/wp-json\/wp\/v2\/users\/2"}],"replies":[{"embeddable":true,"href":"https:\/\/jms.com.bo\/mediamonitor\/wp-json\/wp\/v2\/comments?post=82117"}],"version-history":[{"count":0,"href":"https:\/\/jms.com.bo\/mediamonitor\/wp-json\/wp\/v2\/posts\/82117\/revisions"}],"wp:featuredmedia":[{"embeddable":true,"href":"https:\/\/jms.com.bo\/mediamonitor\/wp-json\/wp\/v2\/media\/33024"}],"wp:attachment":[{"href":"https:\/\/jms.com.bo\/mediamonitor\/wp-json\/wp\/v2\/media?parent=82117"}],"wp:term":[{"taxonomy":"category","embeddable":true,"href":"https:\/\/jms.com.bo\/mediamonitor\/wp-json\/wp\/v2\/categories?post=82117"},{"taxonomy":"post_tag","embeddable":true,"href":"https:\/\/jms.com.bo\/mediamonitor\/wp-json\/wp\/v2\/tags?post=82117"}],"curies":[{"name":"wp","href":"https:\/\/api.w.org\/{rel}","templated":true}]}}