{"id":82120,"date":"2025-11-19T07:41:49","date_gmt":"2025-11-19T11:41:49","guid":{"rendered":"https:\/\/jms.com.bo\/mediamonitor\/2025\/11\/19\/pese-a-que-el-tiempo-apremia-diputados-no-aprueba-ley-de-las-subnacionales-y-la-deriva-a-una-comision\/"},"modified":"2025-11-19T07:41:49","modified_gmt":"2025-11-19T11:41:49","slug":"pese-a-que-el-tiempo-apremia-diputados-no-aprueba-ley-de-las-subnacionales-y-la-deriva-a-una-comision","status":"publish","type":"post","link":"https:\/\/jms.com.bo\/mediamonitor\/2025\/11\/19\/pese-a-que-el-tiempo-apremia-diputados-no-aprueba-ley-de-las-subnacionales-y-la-deriva-a-una-comision\/","title":{"rendered":"Pese a que el tiempo apremia, Diputados no aprueba ley de las subnacionales y la deriva a una comisi\u00f3n"},"content":{"rendered":"<p style=\"text-align: justify;\">A pesar de un prolongado debate, en Diputados no lograron tratar con dispensaci\u00f3n de tr\u00e1mite la ley de las elecciones subnacionales 2026 y la remitieron a la Comisi\u00f3n de Constituci\u00f3n, para su tratamiento en un procedimiento regular.<\/p>\n<p style=\"text-align: justify;\">La resoluci\u00f3n de tratamiento con dispensaci\u00f3n de tr\u00e1mite lo propuso el Partido Dem\u00f3crata Cristiano (PDC) y Alianza Unidad, para se acelere el tratamiento de esta ley que ya fue aprobada en el Senado.<\/p>\n<p style=\"text-align: justify;\">De los 115 diputados presentes en la sesi\u00f3n, 74 aprobaron la propuesta y 41 la rechazaron. No hubo los dos tercios de voto (77) exigidos para este tr\u00e1mite.<\/p>\n<p style=\"text-align: justify;\">En consecuencia, el presidente de la C\u00e1mara de Diputados, Roberto Castro, orden\u00f3 la remisi\u00f3n de la norma a la Comisi\u00f3n de Constituci\u00f3n y declar\u00f3 en cuarto intermedio la sesi\u00f3n hasta el mediod\u00eda de este mi\u00e9rcoles, esperando que la Comisi\u00f3n acelere el tratamiento de la norma.<\/p>\n<p style=\"text-align: justify;\">En paralelo, el presidente de la Comisi\u00f3n de Constituci\u00f3n, Juan del Granado (Unidad), convoc\u00f3 a sesi\u00f3n de esta instancia para las 09h00 de este mi\u00e9rcoles con el fin de realizar el tratamiento del proyecto de ley.<\/p>\n<p style=\"text-align: justify;\">Compuesta por cinco art\u00edculos y tres disposiciones finales, la norma regular\u00e1 las elecciones subnacionales de marzo de 2026 en los departamentos que carecen de estatutos, en municipios que no tienen cartas org\u00e1nicas y en las autonom\u00edas ind\u00edgenas que no poseen estatutos.<\/p>\n<p style=\"text-align: justify;\">El Tribunal Supremo Electoral (TSE) urgi\u00f3 la inmediata aprobaci\u00f3n de la ley para emitir la convocatoria y realizar las elecciones subnacionales el 22 de marzo.<\/p>\n<p style=\"text-align: justify;\">Si acaso el Legislativo demora m\u00e1s en la sanci\u00f3n de la ley, el TSE advirti\u00f3 con acortar tiempos en las actividades en el calendario electoral.<\/p>\n","protected":false},"excerpt":{"rendered":"<p>A pesar de un prolongado debate, en Diputados no lograron tratar con dispensaci\u00f3n de tr\u00e1mite la ley de las elecciones subnacionales 2026 y la remitieron a la Comisi\u00f3n de Constituci\u00f3n, para su tratamiento en un procedimiento regular. La resoluci\u00f3n de tratamiento con dispensaci\u00f3n de tr\u00e1mite lo propuso el Partido Dem\u00f3crata Cristiano (PDC) y Alianza Unidad, [&hellip;]<\/p>\n","protected":false},"author":2,"featured_media":82121,"comment_status":"closed","ping_status":"open","sticky":false,"template":"","format":"standard","meta":{"footnotes":""},"categories":[18,48,46],"tags":[],"class_list":{"0":"post-82120","1":"post","2":"type-post","3":"status-publish","4":"format-standard","5":"has-post-thumbnail","7":"category-politica","8":"category-portada-general-sitio","9":"category-portada-politica"},"_links":{"self":[{"href":"https:\/\/jms.com.bo\/mediamonitor\/wp-json\/wp\/v2\/posts\/82120","targetHints":{"allow":["GET"]}}],"collection":[{"href":"https:\/\/jms.com.bo\/mediamonitor\/wp-json\/wp\/v2\/posts"}],"about":[{"href":"https:\/\/jms.com.bo\/mediamonitor\/wp-json\/wp\/v2\/types\/post"}],"author":[{"embeddable":true,"href":"https:\/\/jms.com.bo\/mediamonitor\/wp-json\/wp\/v2\/users\/2"}],"replies":[{"embeddable":true,"href":"https:\/\/jms.com.bo\/mediamonitor\/wp-json\/wp\/v2\/comments?post=82120"}],"version-history":[{"count":0,"href":"https:\/\/jms.com.bo\/mediamonitor\/wp-json\/wp\/v2\/posts\/82120\/revisions"}],"wp:featuredmedia":[{"embeddable":true,"href":"https:\/\/jms.com.bo\/mediamonitor\/wp-json\/wp\/v2\/media\/82121"}],"wp:attachment":[{"href":"https:\/\/jms.com.bo\/mediamonitor\/wp-json\/wp\/v2\/media?parent=82120"}],"wp:term":[{"taxonomy":"category","embeddable":true,"href":"https:\/\/jms.com.bo\/mediamonitor\/wp-json\/wp\/v2\/categories?post=82120"},{"taxonomy":"post_tag","embeddable":true,"href":"https:\/\/jms.com.bo\/mediamonitor\/wp-json\/wp\/v2\/tags?post=82120"}],"curies":[{"name":"wp","href":"https:\/\/api.w.org\/{rel}","templated":true}]}}