{"id":82122,"date":"2025-11-19T07:45:01","date_gmt":"2025-11-19T11:45:01","guid":{"rendered":"https:\/\/jms.com.bo\/mediamonitor\/2025\/11\/19\/cooperativas-auriferas-respaldan-al-gobierno\/"},"modified":"2025-11-19T07:45:01","modified_gmt":"2025-11-19T11:45:01","slug":"cooperativas-auriferas-respaldan-al-gobierno","status":"publish","type":"post","link":"https:\/\/jms.com.bo\/mediamonitor\/2025\/11\/19\/cooperativas-auriferas-respaldan-al-gobierno\/","title":{"rendered":"Cooperativas aur\u00edferas respaldan al Gobierno"},"content":{"rendered":"<p style=\"text-align: justify;\">La Federaci\u00f3n de Cooperativas Mineras Aur\u00edferas del Norte de La Paz (Fecoman) se reuni\u00f3 este martes con el nuevo ministro de Miner\u00eda, Marco Antonio Calder\u00f3n de la Barca, a quien le expres\u00f3 su respaldo y el del sector al Gobierno.<\/p>\n<p style=\"text-align: justify;\">Seg\u00fan inform\u00f3 la red Erbol, el presidente de Fecoman, Efra\u00edn Silva, manifest\u00f3 su agrado con las propuestas de la nueva autoridad tras el encuentro. \u201cNos ha gustado las ideas, las propuestas que tiene para nuestro sector\u201d, afirm\u00f3.<\/p>\n<p style=\"text-align: justify;\">El dirigente cooperativista enfatiz\u00f3 el apoyo de su organizaci\u00f3n al presidente Rodrigo Paz y al vicepresidente Edmand Lara.<\/p>\n<p style=\"text-align: justify;\">\u201cHay que dejarlos trabajar. Ahora tiene que demostrar las capacidades. Creo que est\u00e1 por meritocracia nuestro Ministro y, bueno pues, tiene que trabajar\u201d, agreg\u00f3 Silva.<\/p>\n<p style=\"text-align: justify;\">Por su parte, el ministro Calder\u00f3n de la Barca destac\u00f3 a Fecoman como un sector que apuesta por el pa\u00eds mediante la generaci\u00f3n de empleo y divisas.<\/p>\n<p style=\"text-align: justify;\">La autoridad resalt\u00f3 que, seg\u00fan le informaron los propios cooperativistas, el sector apoy\u00f3 al presidente Paz desde la primera vuelta electoral.<\/p>\n","protected":false},"excerpt":{"rendered":"<p>La Federaci\u00f3n de Cooperativas Mineras Aur\u00edferas del Norte de La Paz (Fecoman) se reuni\u00f3 este martes con el nuevo ministro de Miner\u00eda, Marco Antonio Calder\u00f3n de la Barca, a quien le expres\u00f3 su respaldo y el del sector al Gobierno. Seg\u00fan inform\u00f3 la red Erbol, el presidente de Fecoman, Efra\u00edn Silva, manifest\u00f3 su agrado con [&hellip;]<\/p>\n","protected":false},"author":2,"featured_media":82123,"comment_status":"closed","ping_status":"open","sticky":false,"template":"","format":"standard","meta":{"footnotes":""},"categories":[25],"tags":[],"class_list":{"0":"post-82122","1":"post","2":"type-post","3":"status-publish","4":"format-standard","5":"has-post-thumbnail","7":"category-economia"},"_links":{"self":[{"href":"https:\/\/jms.com.bo\/mediamonitor\/wp-json\/wp\/v2\/posts\/82122","targetHints":{"allow":["GET"]}}],"collection":[{"href":"https:\/\/jms.com.bo\/mediamonitor\/wp-json\/wp\/v2\/posts"}],"about":[{"href":"https:\/\/jms.com.bo\/mediamonitor\/wp-json\/wp\/v2\/types\/post"}],"author":[{"embeddable":true,"href":"https:\/\/jms.com.bo\/mediamonitor\/wp-json\/wp\/v2\/users\/2"}],"replies":[{"embeddable":true,"href":"https:\/\/jms.com.bo\/mediamonitor\/wp-json\/wp\/v2\/comments?post=82122"}],"version-history":[{"count":0,"href":"https:\/\/jms.com.bo\/mediamonitor\/wp-json\/wp\/v2\/posts\/82122\/revisions"}],"wp:featuredmedia":[{"embeddable":true,"href":"https:\/\/jms.com.bo\/mediamonitor\/wp-json\/wp\/v2\/media\/82123"}],"wp:attachment":[{"href":"https:\/\/jms.com.bo\/mediamonitor\/wp-json\/wp\/v2\/media?parent=82122"}],"wp:term":[{"taxonomy":"category","embeddable":true,"href":"https:\/\/jms.com.bo\/mediamonitor\/wp-json\/wp\/v2\/categories?post=82122"},{"taxonomy":"post_tag","embeddable":true,"href":"https:\/\/jms.com.bo\/mediamonitor\/wp-json\/wp\/v2\/tags?post=82122"}],"curies":[{"name":"wp","href":"https:\/\/api.w.org\/{rel}","templated":true}]}}