{"id":82135,"date":"2025-11-19T07:59:04","date_gmt":"2025-11-19T11:59:04","guid":{"rendered":"https:\/\/jms.com.bo\/mediamonitor\/2025\/11\/19\/el-ministro-de-hidrocarburos-posesiona-tres-viceministros-y-al-presidente-de-ende\/"},"modified":"2025-11-19T07:59:04","modified_gmt":"2025-11-19T11:59:04","slug":"el-ministro-de-hidrocarburos-posesiona-tres-viceministros-y-al-presidente-de-ende","status":"publish","type":"post","link":"https:\/\/jms.com.bo\/mediamonitor\/2025\/11\/19\/el-ministro-de-hidrocarburos-posesiona-tres-viceministros-y-al-presidente-de-ende\/","title":{"rendered":"El Ministro de Hidrocarburos posesiona tres viceministros y al presidente de ENDE"},"content":{"rendered":"<p style=\"text-align: justify;\">El ministro de Hidrocarburos y Energ\u00edas, Mauricio Medinacelli, posesion\u00f3 este martes a nuevos viceministros de Estado y autoridades de la Empresa Nacional de Electricidad (ENDE), Empresa Distribuidora de Electricidad (Delapaz) y de la Autoridad de Fiscalizaci\u00f3n de Electricidad y Tecnolog\u00eda Nuclear (AETN).<\/p>\n<p style=\"text-align: justify;\">Alex Fernando Veizaga fue designado como en viceministro de Planificaci\u00f3n y Desarrollo Energ\u00e9tico; Marcelo Blanco Quintanilla, viceministro de Electricidad y Energ\u00edas Renovables; y Caleb Montes Velarde, como viceministro de Exploraci\u00f3n y Explotaci\u00f3n de Recursos Energ\u00e9ticos.<\/p>\n<p style=\"text-align: justify;\">Mientras que Mario Larra\u00edn Saavedra fue posesionado como el presidente ejecutivo de la ENDE; Miguel \u00c1ngel N\u00fa\u00f1ez Gaspar como gerente general de Delapaz y Adolfo Arturo D\u00e1valos Yoshida como el nuevo director ejecutivo de la AETN.<\/p>\n<p style=\"text-align: justify;\">Medinacelli agradeci\u00f3 a las nuevas autoridades la predisposici\u00f3n de sumarse a su equipo de trabajo pues consider\u00f3 que \u201cno es sencillo lo que se viene\u201d m\u00e1s adelante y anticip\u00f3 que restan otras designaciones.<\/p>\n","protected":false},"excerpt":{"rendered":"<p>El ministro de Hidrocarburos y Energ\u00edas, Mauricio Medinacelli, posesion\u00f3 este martes a nuevos viceministros de Estado y autoridades de la Empresa Nacional de Electricidad (ENDE), Empresa Distribuidora de Electricidad (Delapaz) y de la Autoridad de Fiscalizaci\u00f3n de Electricidad y Tecnolog\u00eda Nuclear (AETN). Alex Fernando Veizaga fue designado como en viceministro de Planificaci\u00f3n y Desarrollo Energ\u00e9tico; [&hellip;]<\/p>\n","protected":false},"author":2,"featured_media":77484,"comment_status":"closed","ping_status":"open","sticky":false,"template":"","format":"standard","meta":{"footnotes":""},"categories":[48,43],"tags":[],"class_list":{"0":"post-82135","1":"post","2":"type-post","3":"status-publish","4":"format-standard","5":"has-post-thumbnail","7":"category-portada-general-sitio","8":"category-portada-oil-gas"},"_links":{"self":[{"href":"https:\/\/jms.com.bo\/mediamonitor\/wp-json\/wp\/v2\/posts\/82135","targetHints":{"allow":["GET"]}}],"collection":[{"href":"https:\/\/jms.com.bo\/mediamonitor\/wp-json\/wp\/v2\/posts"}],"about":[{"href":"https:\/\/jms.com.bo\/mediamonitor\/wp-json\/wp\/v2\/types\/post"}],"author":[{"embeddable":true,"href":"https:\/\/jms.com.bo\/mediamonitor\/wp-json\/wp\/v2\/users\/2"}],"replies":[{"embeddable":true,"href":"https:\/\/jms.com.bo\/mediamonitor\/wp-json\/wp\/v2\/comments?post=82135"}],"version-history":[{"count":0,"href":"https:\/\/jms.com.bo\/mediamonitor\/wp-json\/wp\/v2\/posts\/82135\/revisions"}],"wp:featuredmedia":[{"embeddable":true,"href":"https:\/\/jms.com.bo\/mediamonitor\/wp-json\/wp\/v2\/media\/77484"}],"wp:attachment":[{"href":"https:\/\/jms.com.bo\/mediamonitor\/wp-json\/wp\/v2\/media?parent=82135"}],"wp:term":[{"taxonomy":"category","embeddable":true,"href":"https:\/\/jms.com.bo\/mediamonitor\/wp-json\/wp\/v2\/categories?post=82135"},{"taxonomy":"post_tag","embeddable":true,"href":"https:\/\/jms.com.bo\/mediamonitor\/wp-json\/wp\/v2\/tags?post=82135"}],"curies":[{"name":"wp","href":"https:\/\/api.w.org\/{rel}","templated":true}]}}