{"id":82161,"date":"2025-11-20T07:48:17","date_gmt":"2025-11-20T11:48:17","guid":{"rendered":"https:\/\/jms.com.bo\/mediamonitor\/2025\/11\/20\/hidrocarburos-publicara-documentos-y-estadisticas\/"},"modified":"2025-11-20T07:48:17","modified_gmt":"2025-11-20T11:48:17","slug":"hidrocarburos-publicara-documentos-y-estadisticas","status":"publish","type":"post","link":"https:\/\/jms.com.bo\/mediamonitor\/2025\/11\/20\/hidrocarburos-publicara-documentos-y-estadisticas\/","title":{"rendered":"Hidrocarburos publicar\u00e1 documentos y estad\u00edsticas"},"content":{"rendered":"<p style=\"text-align: justify;\">El Ministerio de Hidrocarburos y Energ\u00edas habilitar\u00e1 en los pr\u00f3ximos d\u00edas un sistema completo de acceso a la informaci\u00f3n documental y estad\u00edstica del sector energ\u00e9tico a trav\u00e9s de su p\u00e1gina web institucional.<\/p>\n<p style=\"text-align: justify;\">De acuerdo con un reporte institucional, la plataforma incluir\u00e1 tambi\u00e9n el detalle del desarrollo de actividades de gesti\u00f3n, como parte de la nueva pol\u00edtica energ\u00e9tica basada en la transparencia.<\/p>\n<p style=\"text-align: justify;\">El ministro de Hidrocarburos y Energ\u00edas, Mauricio Medinaceli, inform\u00f3 que la poblaci\u00f3n podr\u00e1 acceder de manera libre a todos los datos que genere esta cartera de Estado.<\/p>\n<p style=\"text-align: justify;\">\u201cEsta determinaci\u00f3n de poner la informaci\u00f3n al servicio del p\u00fablico est\u00e1 en l\u00ednea con el mandato del presidente Rodrigo Paz, quien instruy\u00f3 transparentar la gesti\u00f3n del sector p\u00fablico y avanzar hacia la digitalizaci\u00f3n total de los movimientos del Estado\u201d, afirm\u00f3.<\/p>\n","protected":false},"excerpt":{"rendered":"<p>El Ministerio de Hidrocarburos y Energ\u00edas habilitar\u00e1 en los pr\u00f3ximos d\u00edas un sistema completo de acceso a la informaci\u00f3n documental y estad\u00edstica del sector energ\u00e9tico a trav\u00e9s de su p\u00e1gina web institucional. De acuerdo con un reporte institucional, la plataforma incluir\u00e1 tambi\u00e9n el detalle del desarrollo de actividades de gesti\u00f3n, como parte de la nueva [&hellip;]<\/p>\n","protected":false},"author":2,"featured_media":81918,"comment_status":"closed","ping_status":"open","sticky":false,"template":"","format":"standard","meta":{"footnotes":""},"categories":[1],"tags":[],"class_list":{"0":"post-82161","1":"post","2":"type-post","3":"status-publish","4":"format-standard","5":"has-post-thumbnail","7":"category-uncategorized"},"_links":{"self":[{"href":"https:\/\/jms.com.bo\/mediamonitor\/wp-json\/wp\/v2\/posts\/82161","targetHints":{"allow":["GET"]}}],"collection":[{"href":"https:\/\/jms.com.bo\/mediamonitor\/wp-json\/wp\/v2\/posts"}],"about":[{"href":"https:\/\/jms.com.bo\/mediamonitor\/wp-json\/wp\/v2\/types\/post"}],"author":[{"embeddable":true,"href":"https:\/\/jms.com.bo\/mediamonitor\/wp-json\/wp\/v2\/users\/2"}],"replies":[{"embeddable":true,"href":"https:\/\/jms.com.bo\/mediamonitor\/wp-json\/wp\/v2\/comments?post=82161"}],"version-history":[{"count":0,"href":"https:\/\/jms.com.bo\/mediamonitor\/wp-json\/wp\/v2\/posts\/82161\/revisions"}],"wp:featuredmedia":[{"embeddable":true,"href":"https:\/\/jms.com.bo\/mediamonitor\/wp-json\/wp\/v2\/media\/81918"}],"wp:attachment":[{"href":"https:\/\/jms.com.bo\/mediamonitor\/wp-json\/wp\/v2\/media?parent=82161"}],"wp:term":[{"taxonomy":"category","embeddable":true,"href":"https:\/\/jms.com.bo\/mediamonitor\/wp-json\/wp\/v2\/categories?post=82161"},{"taxonomy":"post_tag","embeddable":true,"href":"https:\/\/jms.com.bo\/mediamonitor\/wp-json\/wp\/v2\/tags?post=82161"}],"curies":[{"name":"wp","href":"https:\/\/api.w.org\/{rel}","templated":true}]}}