{"id":82163,"date":"2025-11-21T06:52:20","date_gmt":"2025-11-21T10:52:20","guid":{"rendered":"https:\/\/jms.com.bo\/mediamonitor\/2025\/11\/21\/salud-y-cooperacion-espanola-impulsan-la-continuidad-de-programas-de-formacion-sanitaria-y-asistencia-tecnica\/"},"modified":"2025-11-21T06:52:20","modified_gmt":"2025-11-21T10:52:20","slug":"salud-y-cooperacion-espanola-impulsan-la-continuidad-de-programas-de-formacion-sanitaria-y-asistencia-tecnica","status":"publish","type":"post","link":"https:\/\/jms.com.bo\/mediamonitor\/2025\/11\/21\/salud-y-cooperacion-espanola-impulsan-la-continuidad-de-programas-de-formacion-sanitaria-y-asistencia-tecnica\/","title":{"rendered":"Salud y cooperaci\u00f3n espa\u00f1ola impulsan la continuidad de programas de formaci\u00f3n sanitaria y asistencia t\u00e9cnica"},"content":{"rendered":"<p style=\"text-align: justify;\">En un encuentro protocolar, la ministra de Salud y Deportes, Marcela Flores y representantes de programas de la Embajada de Espa\u00f1a revisaron la agenda de cooperaci\u00f3n y acordaron continuar los programas de formaci\u00f3n sanitaria y asistencia t\u00e9cnica.<\/p>\n<p style=\"text-align: justify;\">\u201cHemos revisado todos los programas desarrollados y aquellos que continuar\u00e1n. La cooperaci\u00f3n espa\u00f1ola ha brindado asistencia t\u00e9cnica en la elaboraci\u00f3n de normativas importantes, como el proyecto de Ley de Trasplantes, y en procesos de formaci\u00f3n continua. Sobre todo, ha sido clave en la creaci\u00f3n de los Centros Coordinadores de Emergencias y Desastres, que integran no solo a personal de salud, sino tambi\u00e9n a instituciones como Bomberos y el SAR Bolivia\u201d, inform\u00f3 la ministra Flores a la conclusi\u00f3n de la reuni\u00f3n.<\/p>\n<p style=\"text-align: justify;\">Durante la cita se destacaron los avances en la formaci\u00f3n continua del personal de salud en el \u00e1rea de emergencias y desastres, la asistencia t\u00e9cnica para la elaboraci\u00f3n de normativas, y el apoyo en la formaci\u00f3n de m\u00e9dicos especialistas mediante diferentes ofertas acad\u00e9micas, entre otros temas, indica una nota de prensa de Salud.<\/p>\n<p style=\"text-align: justify;\">La ministra anunci\u00f3 que en diciembre se llevar\u00e1 a cabo un congreso nacional para presentar los resultados alcanzados en los \u00faltimos a\u00f1os y proyectar nuevas metas para el fortalecimiento de las capacidades en emergencias y desastres.<\/p>\n<p style=\"text-align: justify;\">\u201cHemos conversado tambi\u00e9n sobre los programas de formaci\u00f3n apoyados para la residencia m\u00e9dica. Ya se han estandarizado los manuales de especialidades b\u00e1sicas y se trabaja para incorporar nuevas \u00e1reas, adem\u00e1s de promover cursos y actividades acad\u00e9micas en Espa\u00f1a para profesionales bolivianos\u201d, a\u00f1adi\u00f3 la Flores.<\/p>\n<p style=\"text-align: justify;\">Asimismo, se eval\u00faa la apertura de un doctorado en Salud P\u00fablica, en coordinaci\u00f3n con las autoridades competentes.<\/p>\n<p style=\"text-align: justify;\">Durante el encuentro, la esposa del embajador de Espa\u00f1a en Bolivia, \u00c1ngeles Cano, m\u00e9dica emergenci\u00f3loga, destac\u00f3 su inter\u00e9s por continuar apoyando al sector salud.<\/p>\n<p style=\"text-align: justify;\">\u201cHe acompa\u00f1ado en Espa\u00f1a el desarrollo de la medicina prehospitalaria y estoy intentando colaborar en ese proceso aqu\u00ed. Es un reto, pero creo que se puede avanzar mucho y que los resultados ser\u00e1n muy positivos\u201d, afirm\u00f3 Cano.<\/p>\n<p style=\"text-align: justify;\">En tanto, el coordinador local de la Fundaci\u00f3n para la Cooperaci\u00f3n y Salud Internacional (CSAI) en Bolivia, del Ministerio de Sanidad de Espa\u00f1a, Rafael Berm\u00fadez, agradeci\u00f3 la disposici\u00f3n de la ministra \u201cpara dar continuidad a los programas y explorar nuevas l\u00edneas de cooperaci\u00f3n\u201d.<\/p>\n<p style=\"text-align: justify;\">Berm\u00fadez record\u00f3 que el 15 y 16 de diciembre se realizar\u00e1 un importante encuentro en el Centro de Formaci\u00f3n de AECID en Santa Cruz, donde participar\u00e1n los nueve Servicios Departamentales de Salud, el Ministerio de Salud y Deportes, el SAR de las Fuerzas Armadas, el SAR Bolivia, Bomberos, la Polic\u00eda y dem\u00e1s instituciones vinculadas a la atenci\u00f3n de emergencias y la respuesta ante desastres.<\/p>\n","protected":false},"excerpt":{"rendered":"<p>En un encuentro protocolar, la ministra de Salud y Deportes, Marcela Flores y representantes de programas de la Embajada de Espa\u00f1a revisaron la agenda de cooperaci\u00f3n y acordaron continuar los programas de formaci\u00f3n sanitaria y asistencia t\u00e9cnica. \u201cHemos revisado todos los programas desarrollados y aquellos que continuar\u00e1n. La cooperaci\u00f3n espa\u00f1ola ha brindado asistencia t\u00e9cnica en [&hellip;]<\/p>\n","protected":false},"author":2,"featured_media":82164,"comment_status":"closed","ping_status":"open","sticky":false,"template":"","format":"standard","meta":{"footnotes":""},"categories":[53],"tags":[],"class_list":{"0":"post-82163","1":"post","2":"type-post","3":"status-publish","4":"format-standard","5":"has-post-thumbnail","7":"category-salud"},"_links":{"self":[{"href":"https:\/\/jms.com.bo\/mediamonitor\/wp-json\/wp\/v2\/posts\/82163","targetHints":{"allow":["GET"]}}],"collection":[{"href":"https:\/\/jms.com.bo\/mediamonitor\/wp-json\/wp\/v2\/posts"}],"about":[{"href":"https:\/\/jms.com.bo\/mediamonitor\/wp-json\/wp\/v2\/types\/post"}],"author":[{"embeddable":true,"href":"https:\/\/jms.com.bo\/mediamonitor\/wp-json\/wp\/v2\/users\/2"}],"replies":[{"embeddable":true,"href":"https:\/\/jms.com.bo\/mediamonitor\/wp-json\/wp\/v2\/comments?post=82163"}],"version-history":[{"count":0,"href":"https:\/\/jms.com.bo\/mediamonitor\/wp-json\/wp\/v2\/posts\/82163\/revisions"}],"wp:featuredmedia":[{"embeddable":true,"href":"https:\/\/jms.com.bo\/mediamonitor\/wp-json\/wp\/v2\/media\/82164"}],"wp:attachment":[{"href":"https:\/\/jms.com.bo\/mediamonitor\/wp-json\/wp\/v2\/media?parent=82163"}],"wp:term":[{"taxonomy":"category","embeddable":true,"href":"https:\/\/jms.com.bo\/mediamonitor\/wp-json\/wp\/v2\/categories?post=82163"},{"taxonomy":"post_tag","embeddable":true,"href":"https:\/\/jms.com.bo\/mediamonitor\/wp-json\/wp\/v2\/tags?post=82163"}],"curies":[{"name":"wp","href":"https:\/\/api.w.org\/{rel}","templated":true}]}}