{"id":82165,"date":"2025-11-21T06:53:24","date_gmt":"2025-11-21T10:53:24","guid":{"rendered":"https:\/\/jms.com.bo\/mediamonitor\/2025\/11\/21\/gobierno-y-panificadores-acuerdan-entrega-de-harina-subvencionada-de-septiembre\/"},"modified":"2025-11-21T06:53:24","modified_gmt":"2025-11-21T10:53:24","slug":"gobierno-y-panificadores-acuerdan-entrega-de-harina-subvencionada-de-septiembre","status":"publish","type":"post","link":"https:\/\/jms.com.bo\/mediamonitor\/2025\/11\/21\/gobierno-y-panificadores-acuerdan-entrega-de-harina-subvencionada-de-septiembre\/","title":{"rendered":"Gobierno y panificadores acuerdan entrega de harina subvencionada de septiembre"},"content":{"rendered":"<p style=\"text-align: justify;\">El Gobierno y la Confederaci\u00f3n Nacional de Panificadores Artesanos de Bolivia (Conapabol) acordaron que se entregar\u00e1 al sector la harina subvencionada de septiembre y la definici\u00f3n de \u201cnuevos pasos\u201d en el convenio, inform\u00f3 el Ministerio de Desarrollo Productivo, Rural y Agua.<\/p>\n<p style=\"text-align: justify;\">\u201cEn el encuentro se acord\u00f3 entregar la harina que ya estaba pagada por la subvenci\u00f3n de septiembre, as\u00ed como trabajar la pr\u00f3xima semana en la normalizaci\u00f3n de las entregas de este producto y en la definici\u00f3n de nuevos pasos relacionados en el convenio con el sector\u201d, public\u00f3 esa cartera en sus redes sociales.<\/p>\n<p style=\"text-align: justify;\">De acuerdo con el reporte oficial, el convenio entre las autoridades del Gobierno y la Conapabol significa que las familias bolivianas deben mantener la tranquilidad, debido a que se garantiza el \u201cpan a precio justo\u201d.<\/p>\n<p style=\"text-align: justify;\">El mi\u00e9rcoles, los viceministros de Comercio y Log\u00edstica Interna, Gustavo Serrano, y de Pol\u00edticas de Industrializaci\u00f3n, Gustavo J\u00e1uregui, sostuvieron una reuni\u00f3n con la Conapabol, en la ciudad de La Paz.<\/p>\n<p style=\"text-align: justify;\">Las autoridades y los panificadores se volver\u00e1n a reunir el mi\u00e9rcoles 26 de noviembre. \u201cEn una semana vamos a dar una respuesta a diferentes solicitudes que ha hecho esta asociaci\u00f3n de panificadores\u201d, anunci\u00f3 Serrano.<\/p>\n","protected":false},"excerpt":{"rendered":"<p>El Gobierno y la Confederaci\u00f3n Nacional de Panificadores Artesanos de Bolivia (Conapabol) acordaron que se entregar\u00e1 al sector la harina subvencionada de septiembre y la definici\u00f3n de \u201cnuevos pasos\u201d en el convenio, inform\u00f3 el Ministerio de Desarrollo Productivo, Rural y Agua. \u201cEn el encuentro se acord\u00f3 entregar la harina que ya estaba pagada por la [&hellip;]<\/p>\n","protected":false},"author":2,"featured_media":82166,"comment_status":"closed","ping_status":"open","sticky":false,"template":"","format":"standard","meta":{"footnotes":""},"categories":[57],"tags":[],"class_list":{"0":"post-82165","1":"post","2":"type-post","3":"status-publish","4":"format-standard","5":"has-post-thumbnail","7":"category-alimentos-y-agroindustria"},"_links":{"self":[{"href":"https:\/\/jms.com.bo\/mediamonitor\/wp-json\/wp\/v2\/posts\/82165","targetHints":{"allow":["GET"]}}],"collection":[{"href":"https:\/\/jms.com.bo\/mediamonitor\/wp-json\/wp\/v2\/posts"}],"about":[{"href":"https:\/\/jms.com.bo\/mediamonitor\/wp-json\/wp\/v2\/types\/post"}],"author":[{"embeddable":true,"href":"https:\/\/jms.com.bo\/mediamonitor\/wp-json\/wp\/v2\/users\/2"}],"replies":[{"embeddable":true,"href":"https:\/\/jms.com.bo\/mediamonitor\/wp-json\/wp\/v2\/comments?post=82165"}],"version-history":[{"count":0,"href":"https:\/\/jms.com.bo\/mediamonitor\/wp-json\/wp\/v2\/posts\/82165\/revisions"}],"wp:featuredmedia":[{"embeddable":true,"href":"https:\/\/jms.com.bo\/mediamonitor\/wp-json\/wp\/v2\/media\/82166"}],"wp:attachment":[{"href":"https:\/\/jms.com.bo\/mediamonitor\/wp-json\/wp\/v2\/media?parent=82165"}],"wp:term":[{"taxonomy":"category","embeddable":true,"href":"https:\/\/jms.com.bo\/mediamonitor\/wp-json\/wp\/v2\/categories?post=82165"},{"taxonomy":"post_tag","embeddable":true,"href":"https:\/\/jms.com.bo\/mediamonitor\/wp-json\/wp\/v2\/tags?post=82165"}],"curies":[{"name":"wp","href":"https:\/\/api.w.org\/{rel}","templated":true}]}}