{"id":82170,"date":"2025-11-21T06:56:56","date_gmt":"2025-11-21T10:56:56","guid":{"rendered":"https:\/\/jms.com.bo\/mediamonitor\/2025\/11\/21\/investigan-a-lidia-patty-por-caso-fondo-indigena\/"},"modified":"2025-11-21T06:56:56","modified_gmt":"2025-11-21T10:56:56","slug":"investigan-a-lidia-patty-por-caso-fondo-indigena","status":"publish","type":"post","link":"https:\/\/jms.com.bo\/mediamonitor\/2025\/11\/21\/investigan-a-lidia-patty-por-caso-fondo-indigena\/","title":{"rendered":"Investigan a Lidia Patty por caso Fondo ind\u00edgena"},"content":{"rendered":"<p style=\"text-align: justify;\">El fiscal Miguel Cardozo lleva adelante diligencias investigativas contra la exdiputada Lidia Patty Mullisaca, en el marco del caso de corrupci\u00f3n del ex Fondo Ind\u00edgena.<\/p>\n<p style=\"text-align: justify;\">Seg\u00fan un requerimiento fiscal, fechado del 17 de noviembre, Patty est\u00e1 siendo investigada por los delitos de incumplimiento de deberes, contratos lesivos al Estado, incumplimiento de contratos y conducta antiecon\u00f3mica. Cardozo requiri\u00f3 a la Polic\u00eda que designe un investigador para llevar adelante este caso.<\/p>\n<p style=\"text-align: justify;\">Patty fue mencionada en el informe de la Contralor\u00eda de hace 10 a\u00f1os, entre las dirigentes que hab\u00edan recibido dinero del Fondo Ind\u00edgena y no cumplieron con los proyectos que deb\u00edan ejecutar. En la lista de acusados figura la exministra de Desarrollo Rural, Nemesia Achacollo, quien ya estuvo detenida preventivamente por este caso.<\/p>\n<p style=\"text-align: justify;\">El proyecto donde se mencion\u00f3 a Patty fue denominado \u201cProducci\u00f3n de Miel en Trece Comunidades del Tr\u00f3pico de la Provincia Bautista Saavedra del Departamento de La Paz\u201d. Seg\u00fan el informe de entonces, se solicit\u00f3 Bs 919.128 para el proyecto, y se transfiri\u00f3 Bs 687.508. La representante legal de la obra era Lidia Patty, a nombre de la Federaci\u00f3n de Mujeres \u201cBartolina Sisa\u201d.<\/p>\n<p style=\"text-align: justify;\">Patty es la denunciante del caso denominado \u201cGolpe de Estado I\u201d, por el cual fueron encarcelados Luis Fernando Camacho, Marco Pumari y Jeanine A\u00f1ez, quienes recientemente fueron liberados. (Agencias)<\/p>\n","protected":false},"excerpt":{"rendered":"<p>El fiscal Miguel Cardozo lleva adelante diligencias investigativas contra la exdiputada Lidia Patty Mullisaca, en el marco del caso de corrupci\u00f3n del ex Fondo Ind\u00edgena. Seg\u00fan un requerimiento fiscal, fechado del 17 de noviembre, Patty est\u00e1 siendo investigada por los delitos de incumplimiento de deberes, contratos lesivos al Estado, incumplimiento de contratos y conducta antiecon\u00f3mica. [&hellip;]<\/p>\n","protected":false},"author":2,"featured_media":33073,"comment_status":"closed","ping_status":"open","sticky":false,"template":"","format":"standard","meta":{"footnotes":""},"categories":[49],"tags":[],"class_list":{"0":"post-82170","1":"post","2":"type-post","3":"status-publish","4":"format-standard","5":"has-post-thumbnail","7":"category-social"},"_links":{"self":[{"href":"https:\/\/jms.com.bo\/mediamonitor\/wp-json\/wp\/v2\/posts\/82170","targetHints":{"allow":["GET"]}}],"collection":[{"href":"https:\/\/jms.com.bo\/mediamonitor\/wp-json\/wp\/v2\/posts"}],"about":[{"href":"https:\/\/jms.com.bo\/mediamonitor\/wp-json\/wp\/v2\/types\/post"}],"author":[{"embeddable":true,"href":"https:\/\/jms.com.bo\/mediamonitor\/wp-json\/wp\/v2\/users\/2"}],"replies":[{"embeddable":true,"href":"https:\/\/jms.com.bo\/mediamonitor\/wp-json\/wp\/v2\/comments?post=82170"}],"version-history":[{"count":0,"href":"https:\/\/jms.com.bo\/mediamonitor\/wp-json\/wp\/v2\/posts\/82170\/revisions"}],"wp:featuredmedia":[{"embeddable":true,"href":"https:\/\/jms.com.bo\/mediamonitor\/wp-json\/wp\/v2\/media\/33073"}],"wp:attachment":[{"href":"https:\/\/jms.com.bo\/mediamonitor\/wp-json\/wp\/v2\/media?parent=82170"}],"wp:term":[{"taxonomy":"category","embeddable":true,"href":"https:\/\/jms.com.bo\/mediamonitor\/wp-json\/wp\/v2\/categories?post=82170"},{"taxonomy":"post_tag","embeddable":true,"href":"https:\/\/jms.com.bo\/mediamonitor\/wp-json\/wp\/v2\/tags?post=82170"}],"curies":[{"name":"wp","href":"https:\/\/api.w.org\/{rel}","templated":true}]}}