{"id":82171,"date":"2025-11-21T06:59:30","date_gmt":"2025-11-21T10:59:30","guid":{"rendered":"https:\/\/jms.com.bo\/mediamonitor\/2025\/11\/21\/el-ministerio-de-salud-y-los-sedes-acuerdan-mesas-de-coordinacion\/"},"modified":"2025-11-21T06:59:30","modified_gmt":"2025-11-21T10:59:30","slug":"el-ministerio-de-salud-y-los-sedes-acuerdan-mesas-de-coordinacion","status":"publish","type":"post","link":"https:\/\/jms.com.bo\/mediamonitor\/2025\/11\/21\/el-ministerio-de-salud-y-los-sedes-acuerdan-mesas-de-coordinacion\/","title":{"rendered":"El Ministerio de Salud y los Sedes acuerdan mesas de coordinaci\u00f3n"},"content":{"rendered":"<p style=\"text-align: justify;\">Posesionadas las nuevas autoridades, el Ministerio de Salud emprendi\u00f3 una reuni\u00f3n con los nueve servicios departamentales de Salud (Sedes) del pa\u00eds, en la cual se acord\u00f3 establecer mesas de coordinaci\u00f3n bimestrales, para una gesti\u00f3n \u201cm\u00e1s eficiente\u201d.<\/p>\n<p style=\"text-align: justify;\">\u201cHemos trabajado escuchando las necesidades de cada Sedes y coordinando acciones futuras. Este espacio asegura que los departamentos tengan mayor control sobre la gesti\u00f3n de sus recursos y programas, en beneficio de toda la poblaci\u00f3n boliviana\u201d, inform\u00f3 la ministra de Salud, Marcela Flores.<\/p>\n<p style=\"text-align: justify;\">Temas como la necesidad de infraestructura, \u00edtems y personal fueron abordados en el encuentro. Los Sedes tuvieron la oportunidad de comunicar los puntos a mejorar. Cada departamento tiene particulares propuestas, las cuales ser\u00e1n abordadas.<\/p>\n<p style=\"text-align: justify;\">\u201cYa tenemos tareas pendientes, que es la revisi\u00f3n de los recursos humanos a nivel nacional, tanto ellos como nosotros. Y tambi\u00e9n ver el tema de equipamiento e infraestructura que haya quedado pendiente\u201d, afirm\u00f3 Flores.<\/p>\n<p style=\"text-align: justify;\">La autoridad asegur\u00f3 que tanto ella como el equipo del Ministerio de Salud escucharon las necesidades y posiciones de los representantes de los Sedes.<\/p>\n<p style=\"text-align: justify;\">Si bien se acord\u00f3 la conformaci\u00f3n de estas mesas de coordinaci\u00f3n cada dos meses, Flores indic\u00f3 que la coordinaci\u00f3n ser\u00e1 constante tambi\u00e9n por medios virtuales para atender otros temas que sean m\u00e1s urgentes.<\/p>\n<p style=\"text-align: justify;\">El objetivo conjunto, expresado luego de la reuni\u00f3n, es brindar la mejor atenci\u00f3n a la poblaci\u00f3n.<\/p>\n<p style=\"text-align: justify;\">Flores ocupa el \u00e1rea Salud dentro del gabinete ministerial de Rodrigo Paz. La autoridad asign\u00f3 de manera formal este mi\u00e9rcoles a sus viceministros. Jos\u00e9 Luis R\u00edos Cambeses fue asignado como viceministro de Gesti\u00f3n del Sistema Nacional de Salud. Mientras que Roxana Elizabeth Salamanca Kacic, es la nueva viceministra de Promoci\u00f3n, Vigilancia Epidemiol\u00f3gica y Medicina Tradicional.<\/p>\n","protected":false},"excerpt":{"rendered":"<p>Posesionadas las nuevas autoridades, el Ministerio de Salud emprendi\u00f3 una reuni\u00f3n con los nueve servicios departamentales de Salud (Sedes) del pa\u00eds, en la cual se acord\u00f3 establecer mesas de coordinaci\u00f3n bimestrales, para una gesti\u00f3n \u201cm\u00e1s eficiente\u201d. \u201cHemos trabajado escuchando las necesidades de cada Sedes y coordinando acciones futuras. Este espacio asegura que los departamentos tengan [&hellip;]<\/p>\n","protected":false},"author":2,"featured_media":76183,"comment_status":"closed","ping_status":"open","sticky":false,"template":"","format":"standard","meta":{"footnotes":""},"categories":[49],"tags":[],"class_list":{"0":"post-82171","1":"post","2":"type-post","3":"status-publish","4":"format-standard","5":"has-post-thumbnail","7":"category-social"},"_links":{"self":[{"href":"https:\/\/jms.com.bo\/mediamonitor\/wp-json\/wp\/v2\/posts\/82171","targetHints":{"allow":["GET"]}}],"collection":[{"href":"https:\/\/jms.com.bo\/mediamonitor\/wp-json\/wp\/v2\/posts"}],"about":[{"href":"https:\/\/jms.com.bo\/mediamonitor\/wp-json\/wp\/v2\/types\/post"}],"author":[{"embeddable":true,"href":"https:\/\/jms.com.bo\/mediamonitor\/wp-json\/wp\/v2\/users\/2"}],"replies":[{"embeddable":true,"href":"https:\/\/jms.com.bo\/mediamonitor\/wp-json\/wp\/v2\/comments?post=82171"}],"version-history":[{"count":0,"href":"https:\/\/jms.com.bo\/mediamonitor\/wp-json\/wp\/v2\/posts\/82171\/revisions"}],"wp:featuredmedia":[{"embeddable":true,"href":"https:\/\/jms.com.bo\/mediamonitor\/wp-json\/wp\/v2\/media\/76183"}],"wp:attachment":[{"href":"https:\/\/jms.com.bo\/mediamonitor\/wp-json\/wp\/v2\/media?parent=82171"}],"wp:term":[{"taxonomy":"category","embeddable":true,"href":"https:\/\/jms.com.bo\/mediamonitor\/wp-json\/wp\/v2\/categories?post=82171"},{"taxonomy":"post_tag","embeddable":true,"href":"https:\/\/jms.com.bo\/mediamonitor\/wp-json\/wp\/v2\/tags?post=82171"}],"curies":[{"name":"wp","href":"https:\/\/api.w.org\/{rel}","templated":true}]}}