{"id":82172,"date":"2025-11-21T07:00:47","date_gmt":"2025-11-21T11:00:47","guid":{"rendered":"https:\/\/jms.com.bo\/mediamonitor\/2025\/11\/21\/delegacion-boliviana-en-cop30-esta-a-salvo-tras-incendio-en-belem\/"},"modified":"2025-11-21T07:00:47","modified_gmt":"2025-11-21T11:00:47","slug":"delegacion-boliviana-en-cop30-esta-a-salvo-tras-incendio-en-belem","status":"publish","type":"post","link":"https:\/\/jms.com.bo\/mediamonitor\/2025\/11\/21\/delegacion-boliviana-en-cop30-esta-a-salvo-tras-incendio-en-belem\/","title":{"rendered":"Delegaci\u00f3n boliviana en COP30 est\u00e1 a salvo tras incendio en Bel\u00e9m"},"content":{"rendered":"<p style=\"text-align: justify;\">La Vicepresidencia del Estado Plurinacional inform\u00f3 que el vicepresidente Edmand Lara y la delegaci\u00f3n boliviana que participa en la COP30, en Bel\u00e9m, Brasil, se encuentran \u201ca buen resguardo\u201d luego del incendio registrado este jueves en el pabell\u00f3n central del evento.<\/p>\n<p style=\"text-align: justify;\">De acuerdo con reportes internacionales, el fuego comenz\u00f3 en la entrada del recinto principal, en el pabell\u00f3n de la India, y se propag\u00f3 r\u00e1pidamente, obligando a evacuar a miles de asistentes.<\/p>\n<p style=\"text-align: justify;\">El siniestro abri\u00f3 un boquete en el techo y afect\u00f3 estructuras contiguas antes de ser controlado por equipos de emergencia.<\/p>\n<p style=\"text-align: justify;\">COP30<br \/>\nLas autoridades brasile\u00f1as confirmaron que el incendio est\u00e1 bajo control gracias al trabajo coordinado de bomberos, personal de seguridad y equipos de la Organizaci\u00f3n de Naciones Unidas (ONU). La evacuaci\u00f3n se realiz\u00f3 de manera ordenada y sin reportes de heridos graves.<\/p>\n<p style=\"text-align: justify;\">En un comunicado, la Vicepresidencia expres\u00f3 su solidaridad con las delegaciones afectadas y agradeci\u00f3 la respuesta \u201cr\u00e1pida y profesional\u201d de los equipos de emergencia, cuya intervenci\u00f3n asegur\u00f3 la integridad de los participantes.<\/p>\n<p style=\"text-align: justify;\">Adem\u00e1s, reafirm\u00f3 el compromiso de Bolivia con la acci\u00f3n clim\u00e1tica y su participaci\u00f3n activa en las negociaciones que se desarrollan en la cumbre, que este viernes entra en su jornada final.<\/p>\n<p style=\"text-align: justify;\">El incendio ocurri\u00f3 mientras ministros de todo el mundo debat\u00edan sobre transici\u00f3n energ\u00e9tica y financiamiento clim\u00e1tico, en una conferencia marcada por tensiones y expectativas sobre los acuerdos finales.<\/p>\n<p style=\"text-align: justify;\">Lara lleg\u00f3 a Brasil el mi\u00e9rcoles, acompa\u00f1ado del ministro de Desarrollo Productivo, Rural y Agua, Oscar Justiniano, y toda una delegaci\u00f3n. Este jueves ambas autoridades se reunieron con el Instituto Interamericano de Cooperaci\u00f3n para la Agricultura (IICA) para trazar una agenda estrat\u00e9gica en b\u00fasqueda de un modelo productivo y sostenible.<\/p>\n<p style=\"text-align: justify;\">\u00abEstos encuentros fortalecen las agendas de cooperaci\u00f3n, financiamiento clim\u00e1tico, apertura a los mercados de carbono, la implementaci\u00f3n de proyectos ambientales, entre otros temas que abrir\u00e1n las puertas a Bolivia a un futuro con desarrollo sostenible\u00bb, a\u00f1adi\u00f3 la cartera de Justiniano, a trav\u00e9s de un comunicado en redes sociales.<\/p>\n","protected":false},"excerpt":{"rendered":"<p>La Vicepresidencia del Estado Plurinacional inform\u00f3 que el vicepresidente Edmand Lara y la delegaci\u00f3n boliviana que participa en la COP30, en Bel\u00e9m, Brasil, se encuentran \u201ca buen resguardo\u201d luego del incendio registrado este jueves en el pabell\u00f3n central del evento. De acuerdo con reportes internacionales, el fuego comenz\u00f3 en la entrada del recinto principal, en [&hellip;]<\/p>\n","protected":false},"author":2,"featured_media":76666,"comment_status":"closed","ping_status":"open","sticky":false,"template":"","format":"standard","meta":{"footnotes":""},"categories":[20],"tags":[],"class_list":{"0":"post-82172","1":"post","2":"type-post","3":"status-publish","4":"format-standard","5":"has-post-thumbnail","7":"category-actualidad"},"_links":{"self":[{"href":"https:\/\/jms.com.bo\/mediamonitor\/wp-json\/wp\/v2\/posts\/82172","targetHints":{"allow":["GET"]}}],"collection":[{"href":"https:\/\/jms.com.bo\/mediamonitor\/wp-json\/wp\/v2\/posts"}],"about":[{"href":"https:\/\/jms.com.bo\/mediamonitor\/wp-json\/wp\/v2\/types\/post"}],"author":[{"embeddable":true,"href":"https:\/\/jms.com.bo\/mediamonitor\/wp-json\/wp\/v2\/users\/2"}],"replies":[{"embeddable":true,"href":"https:\/\/jms.com.bo\/mediamonitor\/wp-json\/wp\/v2\/comments?post=82172"}],"version-history":[{"count":0,"href":"https:\/\/jms.com.bo\/mediamonitor\/wp-json\/wp\/v2\/posts\/82172\/revisions"}],"wp:featuredmedia":[{"embeddable":true,"href":"https:\/\/jms.com.bo\/mediamonitor\/wp-json\/wp\/v2\/media\/76666"}],"wp:attachment":[{"href":"https:\/\/jms.com.bo\/mediamonitor\/wp-json\/wp\/v2\/media?parent=82172"}],"wp:term":[{"taxonomy":"category","embeddable":true,"href":"https:\/\/jms.com.bo\/mediamonitor\/wp-json\/wp\/v2\/categories?post=82172"},{"taxonomy":"post_tag","embeddable":true,"href":"https:\/\/jms.com.bo\/mediamonitor\/wp-json\/wp\/v2\/tags?post=82172"}],"curies":[{"name":"wp","href":"https:\/\/api.w.org\/{rel}","templated":true}]}}