{"id":82173,"date":"2025-11-21T07:01:46","date_gmt":"2025-11-21T11:01:46","guid":{"rendered":"https:\/\/jms.com.bo\/mediamonitor\/2025\/11\/21\/habia-huellas-colapsan-mas-de-1-000-metros-cuadrados-del-farallon-de-cal-orcko\/"},"modified":"2025-11-21T07:01:46","modified_gmt":"2025-11-21T11:01:46","slug":"habia-huellas-colapsan-mas-de-1-000-metros-cuadrados-del-farallon-de-cal-orcko","status":"publish","type":"post","link":"https:\/\/jms.com.bo\/mediamonitor\/2025\/11\/21\/habia-huellas-colapsan-mas-de-1-000-metros-cuadrados-del-farallon-de-cal-orcko\/","title":{"rendered":"\u201cHab\u00eda huellas\u201d: Colapsan m\u00e1s de 1.000 metros cuadrados del farall\u00f3n de Cal Orcko"},"content":{"rendered":"<p style=\"text-align: justify;\">M\u00e1s de 1.000 metros cuadrados del farall\u00f3n de Cal Orcko se deslizaron la noche de este mi\u00e9rcoles, generando preocupaci\u00f3n por el impacto en la zona que alberga uno de los mayores patrimonios paleontol\u00f3gicos del pa\u00eds. El hecho fue confirmado por V\u00edctor Hugo Fr\u00edas, t\u00e9cnico socioambiental de Conoce Bolivia, entidad a cargo del proceso de expansi\u00f3n del Parque Cret\u00e1cico.<\/p>\n<p style=\"text-align: justify;\">En los d\u00edas previos al derrumbe, se registraron trabajos con maquinaria pesada y explosiones en el sector, aunque Fancesa sostiene que el desprendimiento no tuvo relaci\u00f3n con sus operaciones. Su presidente, Guido Calvo, afirm\u00f3 que el colapso \u201cse ha producido (\u2026) a ra\u00edz de las inclemencias del tiempo que se han venido dando en los \u00faltimos d\u00edas, por el tema de las lluvias, los vientos\u201d. Indic\u00f3 que el deslizamiento ocurri\u00f3 entre las 21:30 y 22:30, en un horario en el que la f\u00e1brica no trabaja.<\/p>\n<p style=\"text-align: justify;\">Calvo se\u00f1al\u00f3 que se solicit\u00f3 un informe t\u00e9cnico interno para aclarar lo ocurrido y evitar especulaciones: \u201cFancesa est\u00e1 trabajando a 1.500 metros (\u2026) no habr\u00eda posibilidad de que el trabajo que realiza la f\u00e1brica hubiese afectado al farall\u00f3n\u201d. A\u00f1adi\u00f3 que la empresa cedi\u00f3 m\u00e1s de 20.000 metros cuadrados para la construcci\u00f3n del nuevo edificio del Parque Cret\u00e1cico, por lo que tambi\u00e9n se ven afectados como regi\u00f3n: \u201cNos preocupa porque afecta a todos los chuquisaque\u00f1os y bolivianos (\u2026) este es un tema de turismo\u201d, expres\u00f3.<\/p>\n<p style=\"text-align: justify;\">En contraste, Fr\u00edas asegur\u00f3 que el derrumbe est\u00e1 directamente vinculado a las actividades extractivas de Fancesa. Seg\u00fan explic\u00f3, trabajadores del \u00e1rea reportaron presencia de explosiones y maquinaria muy cerca del farall\u00f3n donde se preservan las huellas de dinosaurios. Conoce Bolivia advierte que el deslizamiento ocasion\u00f3 la p\u00e9rdida de varias huellas, ahora sepultadas bajo los escombros.<\/p>\n<p style=\"text-align: justify;\">El t\u00e9cnico record\u00f3 adem\u00e1s que, al iniciar el proyecto del nuevo edificio del Parque Cret\u00e1cico, realizaron estudios de riesgo que ya advert\u00edan que la explotaci\u00f3n de caliza por parte de Fancesa pon\u00eda en peligro ese patrimonio. Indic\u00f3 que el reciente desprendimiento confirma las alertas sobre la vulnerabilidad del sitio y la urgencia de adoptar medidas de protecci\u00f3n.<\/p>\n","protected":false},"excerpt":{"rendered":"<p>M\u00e1s de 1.000 metros cuadrados del farall\u00f3n de Cal Orcko se deslizaron la noche de este mi\u00e9rcoles, generando preocupaci\u00f3n por el impacto en la zona que alberga uno de los mayores patrimonios paleontol\u00f3gicos del pa\u00eds. El hecho fue confirmado por V\u00edctor Hugo Fr\u00edas, t\u00e9cnico socioambiental de Conoce Bolivia, entidad a cargo del proceso de expansi\u00f3n [&hellip;]<\/p>\n","protected":false},"author":2,"featured_media":82174,"comment_status":"closed","ping_status":"open","sticky":false,"template":"","format":"standard","meta":{"footnotes":""},"categories":[20],"tags":[],"class_list":{"0":"post-82173","1":"post","2":"type-post","3":"status-publish","4":"format-standard","5":"has-post-thumbnail","7":"category-actualidad"},"_links":{"self":[{"href":"https:\/\/jms.com.bo\/mediamonitor\/wp-json\/wp\/v2\/posts\/82173","targetHints":{"allow":["GET"]}}],"collection":[{"href":"https:\/\/jms.com.bo\/mediamonitor\/wp-json\/wp\/v2\/posts"}],"about":[{"href":"https:\/\/jms.com.bo\/mediamonitor\/wp-json\/wp\/v2\/types\/post"}],"author":[{"embeddable":true,"href":"https:\/\/jms.com.bo\/mediamonitor\/wp-json\/wp\/v2\/users\/2"}],"replies":[{"embeddable":true,"href":"https:\/\/jms.com.bo\/mediamonitor\/wp-json\/wp\/v2\/comments?post=82173"}],"version-history":[{"count":0,"href":"https:\/\/jms.com.bo\/mediamonitor\/wp-json\/wp\/v2\/posts\/82173\/revisions"}],"wp:featuredmedia":[{"embeddable":true,"href":"https:\/\/jms.com.bo\/mediamonitor\/wp-json\/wp\/v2\/media\/82174"}],"wp:attachment":[{"href":"https:\/\/jms.com.bo\/mediamonitor\/wp-json\/wp\/v2\/media?parent=82173"}],"wp:term":[{"taxonomy":"category","embeddable":true,"href":"https:\/\/jms.com.bo\/mediamonitor\/wp-json\/wp\/v2\/categories?post=82173"},{"taxonomy":"post_tag","embeddable":true,"href":"https:\/\/jms.com.bo\/mediamonitor\/wp-json\/wp\/v2\/tags?post=82173"}],"curies":[{"name":"wp","href":"https:\/\/api.w.org\/{rel}","templated":true}]}}