{"id":82176,"date":"2025-11-21T07:04:31","date_gmt":"2025-11-21T11:04:31","guid":{"rendered":"https:\/\/jms.com.bo\/mediamonitor\/2025\/11\/21\/se-intensifica-la-pugna-entre-paz-y-lara-y-gobierno-sufre-reveses-en-12-dias\/"},"modified":"2025-11-21T07:05:12","modified_gmt":"2025-11-21T11:05:12","slug":"se-intensifica-la-pugna-entre-paz-y-lara-y-gobierno-sufre-reveses-en-12-dias","status":"publish","type":"post","link":"https:\/\/jms.com.bo\/mediamonitor\/2025\/11\/21\/se-intensifica-la-pugna-entre-paz-y-lara-y-gobierno-sufre-reveses-en-12-dias\/","title":{"rendered":"Se intensifica la pugna entre Paz y Lara y gobierno sufre reveses en 12 d\u00edas"},"content":{"rendered":"<p style=\"text-align: justify;\">A tiempo de anunciar que \u201cel Ministerio de Justicia ha muerto\u201d, la tarde de este jueves, el presidente Rodrigo Paz afirm\u00f3 que en 12 d\u00edas de gobierno \u201cestamos generando se\u00f1ales claras de lo que vamos a hacer en econom\u00eda; generando cambios institucionales que fueron estructurados (por los gobiernos del MAS) con visi\u00f3n pol\u00edtica y no de servicio a la poblaci\u00f3n\u201d.<\/p>\n<p style=\"text-align: justify;\">Pero, \u00bfqu\u00e9 ocurre en realidad, y a la vista de la gente, en este breve lapso desde la asunci\u00f3n de mando? Una revisi\u00f3n de noticias de las \u00faltimas semanas nos permite detectar algunos reveses y se\u00f1ales negativas entre el vicepresidente Edmand Lara y su gobierno. Todo parte, precisamente, de la serie de desencuentros y tensiones entre ambas autoridades<\/p>\n<p style=\"text-align: justify;\">Se intensifica la pugna interna<\/p>\n<p style=\"text-align: justify;\">Ya en la etapa proselitista se hab\u00eda detectado fricciones entre Paz y Lara y, tras una tregua para la segunda vuelta, estas reaparecieron con fuerza: Lara sugiri\u00f3 a Freddy Vidovic como ministro de Justicia; cuando este fue destituido, Paz quiso poner a Jorge Garc\u00eda, pero desde la vicepresidencia le atribuyeron \u201cun rosario de denuncias\u201d. Este es solo uno de varios ejemplos de desencuentros que empezaron el d\u00eda de la asunci\u00f3n, cuando Lara reclam\u00f3 por el supuesto maltrato a su familia en los actos protocolares.<\/p>\n<p style=\"text-align: justify;\">Seg\u00fan el analista Diego Ayo \u201caunque todos los dardos apuntan al vicepresidente, lo cierto es que hay un vac\u00edo de poder enorme que lo est\u00e1 llevando Rodrigo Paz solito, cambiando la agenda gubernamental\u201d. En su criterio, lo que parecen mostrar las redes y algunos medios, no refleja necesariamente la realidad. \u201cFrente a las c\u00e1maras, parece que Lara se est\u00e1 equivocando, pero no creo que sea as\u00ed. Lo que pasa es que lo est\u00e1n dejando afuera. Detr\u00e1s de Lara hay todo un sector que cualquier rato va a salir a las calles\u201d, advirti\u00f3.<\/p>\n<p style=\"text-align: justify;\">Y es que las idas y vueltas proliferan. \u00bfOtros ejemplos?: el vice exigi\u00f3 p\u00fablicamente el cambio del alto mando policial, pidi\u00f3 participar en las reuniones de gabinete y, mediante sus colaboradores, que se anule el Viceministerio de Coordinaci\u00f3n Legislativa, porque considera amenazada su principal funci\u00f3n como presidente nato de la ALP y la l\u00f3gica misi\u00f3n de coordinaci\u00f3n desde el Ejecutivo.<\/p>\n<p style=\"text-align: justify;\">Otro punto de vista tiene el analista Hern\u00e1n Terrazas quien considera que \u201cal parecer, el vicepresidente Lara reci\u00e9n se est\u00e1 familiarizando con el alcance de sus competencias, y ojal\u00e1 en el corto plazo se d\u00e9 cuente de d\u00f3nde est\u00e1n los l\u00edmites de su mandato\u201d. Terrazas recomienda que Lara \u201cdebe concentrarse en sus funciones en el Legislativo y no preocuparse tanto en temas que tienen que ver con el funcionamiento del Ejecutivo\u201d, que es atribuci\u00f3n constitucional directa del primer mandatario<\/p>\n<p style=\"text-align: justify;\">Las malas se\u00f1ales<\/p>\n<p style=\"text-align: justify;\">Sea o no por estos percances entre las m\u00e1ximas autoridades del Estado, en medios y entre la poblaci\u00f3n crece la percepci\u00f3n de que en 12 d\u00edas no se hizo lo suficiente, sobre todo en cuanto a llenar las expectativas por ellos mismos generadas y cumplir sus principales ofertas.<\/p>\n","protected":false},"excerpt":{"rendered":"<p>A tiempo de anunciar que \u201cel Ministerio de Justicia ha muerto\u201d, la tarde de este jueves, el presidente Rodrigo Paz afirm\u00f3 que en 12 d\u00edas de gobierno \u201cestamos generando se\u00f1ales claras de lo que vamos a hacer en econom\u00eda; generando cambios institucionales que fueron estructurados (por los gobiernos del MAS) con visi\u00f3n pol\u00edtica y no [&hellip;]<\/p>\n","protected":false},"author":2,"featured_media":82177,"comment_status":"closed","ping_status":"open","sticky":false,"template":"","format":"standard","meta":{"footnotes":""},"categories":[18],"tags":[],"class_list":{"0":"post-82176","1":"post","2":"type-post","3":"status-publish","4":"format-standard","5":"has-post-thumbnail","7":"category-politica"},"_links":{"self":[{"href":"https:\/\/jms.com.bo\/mediamonitor\/wp-json\/wp\/v2\/posts\/82176","targetHints":{"allow":["GET"]}}],"collection":[{"href":"https:\/\/jms.com.bo\/mediamonitor\/wp-json\/wp\/v2\/posts"}],"about":[{"href":"https:\/\/jms.com.bo\/mediamonitor\/wp-json\/wp\/v2\/types\/post"}],"author":[{"embeddable":true,"href":"https:\/\/jms.com.bo\/mediamonitor\/wp-json\/wp\/v2\/users\/2"}],"replies":[{"embeddable":true,"href":"https:\/\/jms.com.bo\/mediamonitor\/wp-json\/wp\/v2\/comments?post=82176"}],"version-history":[{"count":1,"href":"https:\/\/jms.com.bo\/mediamonitor\/wp-json\/wp\/v2\/posts\/82176\/revisions"}],"predecessor-version":[{"id":82178,"href":"https:\/\/jms.com.bo\/mediamonitor\/wp-json\/wp\/v2\/posts\/82176\/revisions\/82178"}],"wp:featuredmedia":[{"embeddable":true,"href":"https:\/\/jms.com.bo\/mediamonitor\/wp-json\/wp\/v2\/media\/82177"}],"wp:attachment":[{"href":"https:\/\/jms.com.bo\/mediamonitor\/wp-json\/wp\/v2\/media?parent=82176"}],"wp:term":[{"taxonomy":"category","embeddable":true,"href":"https:\/\/jms.com.bo\/mediamonitor\/wp-json\/wp\/v2\/categories?post=82176"},{"taxonomy":"post_tag","embeddable":true,"href":"https:\/\/jms.com.bo\/mediamonitor\/wp-json\/wp\/v2\/tags?post=82176"}],"curies":[{"name":"wp","href":"https:\/\/api.w.org\/{rel}","templated":true}]}}