{"id":82179,"date":"2025-11-21T07:06:02","date_gmt":"2025-11-21T11:06:02","guid":{"rendered":"https:\/\/jms.com.bo\/mediamonitor\/2025\/11\/21\/gobierno-debe-modificar-dos-decretos-para-cerrar-ministerio-de-justicia\/"},"modified":"2025-11-21T07:06:02","modified_gmt":"2025-11-21T11:06:02","slug":"gobierno-debe-modificar-dos-decretos-para-cerrar-ministerio-de-justicia","status":"publish","type":"post","link":"https:\/\/jms.com.bo\/mediamonitor\/2025\/11\/21\/gobierno-debe-modificar-dos-decretos-para-cerrar-ministerio-de-justicia\/","title":{"rendered":"Gobierno debe modificar dos decretos para cerrar ministerio de Justicia"},"content":{"rendered":"<p style=\"text-align: justify;\">La fugaz presencia del designado ministro de Justicia en el gabinete debe regularse por norma, porque el decreto 5488 promulgado por Rodrigo Paz coloca a esta cartera de Estado como parte de la estructura de Gobierno. A su vez, el decreto se apoy\u00f3 en otro decreto, el 4857 que es el que regula todas las facultades de los ministerios y figura el ministerio de Justicia con cinco viceministerios.<\/p>\n<p style=\"text-align: justify;\">Con la decisi\u00f3n presidencial se debe modificar estos dos decretos y el exviceministro de Defensa del Consumidor, Jorge Silva, dijo que bajo la tuici\u00f3n estaban otras oficinas de defensa de la ciudadan\u00eda y que cumpl\u00edan funciones dentro el Estado como la Direcci\u00f3n del Notariado Plurinacional (Dirnoplu), que regula a todos los notarios del Estado; el Servicio Plurinacional de Asistencia a la V\u00edctima (Sepdavi); Defensa P\u00fablica y el Registro P\u00fablico de Abogados (RPA).<\/p>\n<p style=\"text-align: justify;\">\u201cAquellas personas con escasos recursos econ\u00f3micos acud\u00edan al Sepdavi en calidad de v\u00edctimas, otras que acud\u00edan el Sisplu, personas de la tercera edad, mujeres embarazadas, ni\u00f1os que eran protegidos a trav\u00e9s de esas unidades que ten\u00eda el Ministerio de Justicia\u201d, grafic\u00f3 Silva a los periodistas.<\/p>\n<p style=\"text-align: justify;\">Siete art\u00edculos del decreto 4857 firmado por Luis Arce, establecen todas las tareas del ministerio de Justicia y fija tareas para los viceministros. Con la decisi\u00f3n del cierre no se sabe qu\u00e9 ministerios acoger\u00e1n las distintas unidades.<\/p>\n<p style=\"text-align: justify;\">La pugna interna entre Rodrigo Paz y Edmand Lara llev\u00f3 al Gobierno a cambiar de opini\u00f3n en tres horas. De designar a un nuevo ministro pas\u00f3 a anunciar el cierre de actividades sin mayores explicaciones.<\/p>\n<p style=\"text-align: justify;\">La propia Defensor\u00eda del Pueblo emiti\u00f3 un comunicado en el que hace conocer su preocupaci\u00f3n pues alertaron de las falencias que provocar\u00e1, tal como describi\u00f3 Silva, y pidi\u00f3 a las autoridades tomar en cuenta a la hora de decidir la anulaci\u00f3n de un ministerio.<\/p>\n<p style=\"text-align: justify;\">\u201cCoordinar las relaciones del \u00d3rgano Ejecutivo con el \u00d3rgano Judicial, Tribunal Constitucional Plurinacional, Tribunal Agroambiental, Polic\u00eda Boliviana, Ministerio P\u00fablico, Procuradur\u00eda General del Estado, Contralor\u00eda General del Estado, Defensor\u00eda del Pueblo y las Comisiones pertinentes del \u00d3rgano Legislativo, para lograr el acceso a la justicia, la protecci\u00f3n de los derechos fundamentales, el desarrollo de la justicia ind\u00edgena originaria campesina y la transparencia institucional\u201d, se\u00f1ala el art\u00edculo 73 del decreto 4857 y es la primera atribuci\u00f3n del ministro de Justicia.<\/p>\n<p style=\"text-align: justify;\">Merced a este art\u00edculo, el titular de ese despacho ten\u00eda acceso a todos los estamentos de la justicia, situaci\u00f3n que fue denunciada como la injerencia directa del Gobierno en el \u00d3rgano Judicial.<\/p>\n","protected":false},"excerpt":{"rendered":"<p>La fugaz presencia del designado ministro de Justicia en el gabinete debe regularse por norma, porque el decreto 5488 promulgado por Rodrigo Paz coloca a esta cartera de Estado como parte de la estructura de Gobierno. A su vez, el decreto se apoy\u00f3 en otro decreto, el 4857 que es el que regula todas las [&hellip;]<\/p>\n","protected":false},"author":2,"featured_media":31866,"comment_status":"closed","ping_status":"open","sticky":false,"template":"","format":"standard","meta":{"footnotes":""},"categories":[18],"tags":[],"class_list":{"0":"post-82179","1":"post","2":"type-post","3":"status-publish","4":"format-standard","5":"has-post-thumbnail","7":"category-politica"},"_links":{"self":[{"href":"https:\/\/jms.com.bo\/mediamonitor\/wp-json\/wp\/v2\/posts\/82179","targetHints":{"allow":["GET"]}}],"collection":[{"href":"https:\/\/jms.com.bo\/mediamonitor\/wp-json\/wp\/v2\/posts"}],"about":[{"href":"https:\/\/jms.com.bo\/mediamonitor\/wp-json\/wp\/v2\/types\/post"}],"author":[{"embeddable":true,"href":"https:\/\/jms.com.bo\/mediamonitor\/wp-json\/wp\/v2\/users\/2"}],"replies":[{"embeddable":true,"href":"https:\/\/jms.com.bo\/mediamonitor\/wp-json\/wp\/v2\/comments?post=82179"}],"version-history":[{"count":0,"href":"https:\/\/jms.com.bo\/mediamonitor\/wp-json\/wp\/v2\/posts\/82179\/revisions"}],"wp:featuredmedia":[{"embeddable":true,"href":"https:\/\/jms.com.bo\/mediamonitor\/wp-json\/wp\/v2\/media\/31866"}],"wp:attachment":[{"href":"https:\/\/jms.com.bo\/mediamonitor\/wp-json\/wp\/v2\/media?parent=82179"}],"wp:term":[{"taxonomy":"category","embeddable":true,"href":"https:\/\/jms.com.bo\/mediamonitor\/wp-json\/wp\/v2\/categories?post=82179"},{"taxonomy":"post_tag","embeddable":true,"href":"https:\/\/jms.com.bo\/mediamonitor\/wp-json\/wp\/v2\/tags?post=82179"}],"curies":[{"name":"wp","href":"https:\/\/api.w.org\/{rel}","templated":true}]}}