{"id":82180,"date":"2025-11-21T07:07:30","date_gmt":"2025-11-21T11:07:30","guid":{"rendered":"https:\/\/jms.com.bo\/mediamonitor\/2025\/11\/21\/el-tse-lanza-la-convocatoria-para-las-elecciones-subnacionales-2026-seran-el-22-de-marzo\/"},"modified":"2025-11-21T07:07:30","modified_gmt":"2025-11-21T11:07:30","slug":"el-tse-lanza-la-convocatoria-para-las-elecciones-subnacionales-2026-seran-el-22-de-marzo","status":"publish","type":"post","link":"https:\/\/jms.com.bo\/mediamonitor\/2025\/11\/21\/el-tse-lanza-la-convocatoria-para-las-elecciones-subnacionales-2026-seran-el-22-de-marzo\/","title":{"rendered":"El TSE lanza la convocatoria para las elecciones subnacionales 2026, ser\u00e1n el 22 de marzo"},"content":{"rendered":"<p style=\"text-align: justify;\">Tras la promulgaci\u00f3n de la ley para las elecciones subnacionales, el Tribunal Supremo Electoral (TSE) lanz\u00f3 la convocatoria oficial para llevar adelante este proceso cuyos comicios est\u00e1n previstos para el 22 de marzo del 2026.<\/p>\n<p style=\"text-align: justify;\">Pasaron menos de 24 horas entre la sanci\u00f3n de la ley que realiz\u00f3 la C\u00e1mara de Diputados, la promulgaci\u00f3n de parte del presidente y el lanzamiento de la convocatoria por parte del TSE.<\/p>\n<p style=\"text-align: justify;\">El acelerado tratamiento en torno a esta norma puede explicarse porque el TSE advert\u00eda que los plazos para llevar adelante el proceso se estaban cumpliendo y el calendario ya estaba muy ajustado en caso de que hubiera m\u00e1s retrasos.<\/p>\n","protected":false},"excerpt":{"rendered":"<p>Tras la promulgaci\u00f3n de la ley para las elecciones subnacionales, el Tribunal Supremo Electoral (TSE) lanz\u00f3 la convocatoria oficial para llevar adelante este proceso cuyos comicios est\u00e1n previstos para el 22 de marzo del 2026. Pasaron menos de 24 horas entre la sanci\u00f3n de la ley que realiz\u00f3 la C\u00e1mara de Diputados, la promulgaci\u00f3n de [&hellip;]<\/p>\n","protected":false},"author":2,"featured_media":82181,"comment_status":"closed","ping_status":"open","sticky":false,"template":"","format":"standard","meta":{"footnotes":""},"categories":[18,48,46],"tags":[],"class_list":{"0":"post-82180","1":"post","2":"type-post","3":"status-publish","4":"format-standard","5":"has-post-thumbnail","7":"category-politica","8":"category-portada-general-sitio","9":"category-portada-politica"},"_links":{"self":[{"href":"https:\/\/jms.com.bo\/mediamonitor\/wp-json\/wp\/v2\/posts\/82180","targetHints":{"allow":["GET"]}}],"collection":[{"href":"https:\/\/jms.com.bo\/mediamonitor\/wp-json\/wp\/v2\/posts"}],"about":[{"href":"https:\/\/jms.com.bo\/mediamonitor\/wp-json\/wp\/v2\/types\/post"}],"author":[{"embeddable":true,"href":"https:\/\/jms.com.bo\/mediamonitor\/wp-json\/wp\/v2\/users\/2"}],"replies":[{"embeddable":true,"href":"https:\/\/jms.com.bo\/mediamonitor\/wp-json\/wp\/v2\/comments?post=82180"}],"version-history":[{"count":0,"href":"https:\/\/jms.com.bo\/mediamonitor\/wp-json\/wp\/v2\/posts\/82180\/revisions"}],"wp:featuredmedia":[{"embeddable":true,"href":"https:\/\/jms.com.bo\/mediamonitor\/wp-json\/wp\/v2\/media\/82181"}],"wp:attachment":[{"href":"https:\/\/jms.com.bo\/mediamonitor\/wp-json\/wp\/v2\/media?parent=82180"}],"wp:term":[{"taxonomy":"category","embeddable":true,"href":"https:\/\/jms.com.bo\/mediamonitor\/wp-json\/wp\/v2\/categories?post=82180"},{"taxonomy":"post_tag","embeddable":true,"href":"https:\/\/jms.com.bo\/mediamonitor\/wp-json\/wp\/v2\/tags?post=82180"}],"curies":[{"name":"wp","href":"https:\/\/api.w.org\/{rel}","templated":true}]}}