{"id":82182,"date":"2025-11-21T07:08:50","date_gmt":"2025-11-21T11:08:50","guid":{"rendered":"https:\/\/jms.com.bo\/mediamonitor\/2025\/11\/21\/ministro-de-planificacion-designa-a-tres-viceministros-y-demanda-trabajo-transparente-y-estrategico\/"},"modified":"2025-11-21T07:08:50","modified_gmt":"2025-11-21T11:08:50","slug":"ministro-de-planificacion-designa-a-tres-viceministros-y-demanda-trabajo-transparente-y-estrategico","status":"publish","type":"post","link":"https:\/\/jms.com.bo\/mediamonitor\/2025\/11\/21\/ministro-de-planificacion-designa-a-tres-viceministros-y-demanda-trabajo-transparente-y-estrategico\/","title":{"rendered":"Ministro de Planificaci\u00f3n designa a tres viceministros y demanda trabajo transparente y estrat\u00e9gico"},"content":{"rendered":"<p style=\"text-align: justify;\">Con el mandato de realizar un trabajo con resultados, transparente y con mirada estrat\u00e9gica, el ministro de Planificaci\u00f3n del Desarrollo y Medio Ambiente, Jos\u00e9 Romero Pinto, posesion\u00f3 ayer a tres de los cuatro viceministros que lo acompa\u00f1ar\u00e1n.<br \/>\nSe trata de Fernando Mois\u00e9s Jim\u00e9nez Ceballos, quien jur\u00f3 como viceministro de Inversi\u00f3n P\u00fablica y Financiamiento Externo; Jos\u00e9 Luis Llanos Rocha, viceministro de Planificaci\u00f3n Estrat\u00e9gica del Estado; y Jorge Ernesto \u00c1vila Antelo, nuevo viceministro de Medio Ambiente y Biodiversidad.<br \/>\nSolo resta por designar al titular del Viceministerio de Ciencia y Tecnolog\u00eda, con lo que se completar\u00e1n todos los cargos.<br \/>\nAgradeciendo a las nuevas autoridades por asumir el desaf\u00edo de servir al pa\u00eds con honestidad, rigor y compromiso, el ministro Romero afirm\u00f3 que se debe responder al pa\u00eds con \u201cresultados, transparencia y liderazgo\u201d.<br \/>\n\u201cA partir de hoy somos un solo equipo y este equipo ser\u00e1 medido no solo por lo que haga, sino tambi\u00e9n por lo que hagamos como equipo. Cada viceministerio es una pieza fundamental en la construcci\u00f3n de las pol\u00edticas que pondremos en marcha. El pa\u00eds espera de nosotros respuestas concretas, soluciones reales y decisiones oportunas\u201d, expres\u00f3.<br \/>\nAdem\u00e1s de eficiencia y eficacia que demanda el pa\u00eds, Romero les inst\u00f3 a enfatizar en el di\u00e1logo, la innovaci\u00f3n y la capacidad de construir puentes.<br \/>\nEn ese contexto, les plante\u00f3 trabajar con integridad, liderazgo de equipo y una mirada estrat\u00e9gica.<br \/>\n\u201cNo basta con administrar, debemos transformar el pa\u00eds. No basta con continuar, debemos mejorar\u201d, manifest\u00f3.<\/p>\n","protected":false},"excerpt":{"rendered":"<p>Con el mandato de realizar un trabajo con resultados, transparente y con mirada estrat\u00e9gica, el ministro de Planificaci\u00f3n del Desarrollo y Medio Ambiente, Jos\u00e9 Romero Pinto, posesion\u00f3 ayer a tres de los cuatro viceministros que lo acompa\u00f1ar\u00e1n. Se trata de Fernando Mois\u00e9s Jim\u00e9nez Ceballos, quien jur\u00f3 como viceministro de Inversi\u00f3n P\u00fablica y Financiamiento Externo; Jos\u00e9 [&hellip;]<\/p>\n","protected":false},"author":2,"featured_media":33077,"comment_status":"closed","ping_status":"open","sticky":false,"template":"","format":"standard","meta":{"footnotes":""},"categories":[25],"tags":[],"class_list":{"0":"post-82182","1":"post","2":"type-post","3":"status-publish","4":"format-standard","5":"has-post-thumbnail","7":"category-economia"},"_links":{"self":[{"href":"https:\/\/jms.com.bo\/mediamonitor\/wp-json\/wp\/v2\/posts\/82182","targetHints":{"allow":["GET"]}}],"collection":[{"href":"https:\/\/jms.com.bo\/mediamonitor\/wp-json\/wp\/v2\/posts"}],"about":[{"href":"https:\/\/jms.com.bo\/mediamonitor\/wp-json\/wp\/v2\/types\/post"}],"author":[{"embeddable":true,"href":"https:\/\/jms.com.bo\/mediamonitor\/wp-json\/wp\/v2\/users\/2"}],"replies":[{"embeddable":true,"href":"https:\/\/jms.com.bo\/mediamonitor\/wp-json\/wp\/v2\/comments?post=82182"}],"version-history":[{"count":0,"href":"https:\/\/jms.com.bo\/mediamonitor\/wp-json\/wp\/v2\/posts\/82182\/revisions"}],"wp:featuredmedia":[{"embeddable":true,"href":"https:\/\/jms.com.bo\/mediamonitor\/wp-json\/wp\/v2\/media\/33077"}],"wp:attachment":[{"href":"https:\/\/jms.com.bo\/mediamonitor\/wp-json\/wp\/v2\/media?parent=82182"}],"wp:term":[{"taxonomy":"category","embeddable":true,"href":"https:\/\/jms.com.bo\/mediamonitor\/wp-json\/wp\/v2\/categories?post=82182"},{"taxonomy":"post_tag","embeddable":true,"href":"https:\/\/jms.com.bo\/mediamonitor\/wp-json\/wp\/v2\/tags?post=82182"}],"curies":[{"name":"wp","href":"https:\/\/api.w.org\/{rel}","templated":true}]}}