{"id":82183,"date":"2025-11-21T07:10:05","date_gmt":"2025-11-21T11:10:05","guid":{"rendered":"https:\/\/jms.com.bo\/mediamonitor\/2025\/11\/21\/exportadores-ofrecen-apoyo-tecnico-al-gobierno-para-estabilizar-la-economia-nacional\/"},"modified":"2025-11-21T07:10:05","modified_gmt":"2025-11-21T11:10:05","slug":"exportadores-ofrecen-apoyo-tecnico-al-gobierno-para-estabilizar-la-economia-nacional","status":"publish","type":"post","link":"https:\/\/jms.com.bo\/mediamonitor\/2025\/11\/21\/exportadores-ofrecen-apoyo-tecnico-al-gobierno-para-estabilizar-la-economia-nacional\/","title":{"rendered":"Exportadores ofrecen apoyo t\u00e9cnico al Gobierno para estabilizar la econom\u00eda nacional"},"content":{"rendered":"<p style=\"text-align: justify;\">El presidente de la C\u00e1mara Nacional de Exportadores de Bolivia (Caneb), Oswaldo Barriga, expres\u00f3 este jueves el respaldo t\u00e9cnico del sector exportador al Gobierno nacional para cumplir los objetivos econ\u00f3micos planteados por el presidente Rodrigo Paz, entre ellos la liberaci\u00f3n de las exportaciones, el fortalecimiento de la competitividad y la consolidaci\u00f3n de seguridad jur\u00eddica para el empresariado.<\/p>\n<p style=\"text-align: justify;\">\u201cEstamos para ofrecer el apoyo t\u00e9cnico de la instituci\u00f3n que representamos, la C\u00e1mara Nacional de Exportadores y todas las c\u00e1maras regionales, para que los objetivos planteados por el presidente Paz y su gabinete econ\u00f3mico puedan ser cumplidos. Ahora se ha visto el tema de la liberaci\u00f3n de exportaciones, la competitividad del pa\u00eds y generar seguridad jur\u00eddica para todo el sector empresarial\u201d, se\u00f1al\u00f3 en entrevista con Red Uno.<\/p>\n<p style=\"text-align: justify;\">Barriga destac\u00f3 que las c\u00e1maras regionales y la Caneb est\u00e1n listas para acompa\u00f1ar las medidas orientadas a estabilizar la econom\u00eda y avanzar hacia un nuevo modelo econ\u00f3mico que promueva la producci\u00f3n, el comercio exterior y la inversi\u00f3n privada.<\/p>\n<p style=\"text-align: justify;\">El representante empresarial explic\u00f3 que la aplicaci\u00f3n de estas medidas ser\u00e1 progresiva debido a las dificultades heredadas del anterior gobierno, pero manifest\u00f3 su confianza en los avances logrados en las reuniones sostenidas con el Ejecutivo.<\/p>\n<p style=\"text-align: justify;\">\u201cEstamos seguros, por las reuniones que hemos tenido, que se van a alcanzar estas medidas que han sido planteadas\u201d, afirm\u00f3 Barriga, subrayando que el sector exportador continuar\u00e1 colaborando para dinamizar la econom\u00eda.<\/p>\n","protected":false},"excerpt":{"rendered":"<p>El presidente de la C\u00e1mara Nacional de Exportadores de Bolivia (Caneb), Oswaldo Barriga, expres\u00f3 este jueves el respaldo t\u00e9cnico del sector exportador al Gobierno nacional para cumplir los objetivos econ\u00f3micos planteados por el presidente Rodrigo Paz, entre ellos la liberaci\u00f3n de las exportaciones, el fortalecimiento de la competitividad y la consolidaci\u00f3n de seguridad jur\u00eddica para [&hellip;]<\/p>\n","protected":false},"author":2,"featured_media":82184,"comment_status":"closed","ping_status":"open","sticky":false,"template":"","format":"standard","meta":{"footnotes":""},"categories":[25],"tags":[],"class_list":{"0":"post-82183","1":"post","2":"type-post","3":"status-publish","4":"format-standard","5":"has-post-thumbnail","7":"category-economia"},"_links":{"self":[{"href":"https:\/\/jms.com.bo\/mediamonitor\/wp-json\/wp\/v2\/posts\/82183","targetHints":{"allow":["GET"]}}],"collection":[{"href":"https:\/\/jms.com.bo\/mediamonitor\/wp-json\/wp\/v2\/posts"}],"about":[{"href":"https:\/\/jms.com.bo\/mediamonitor\/wp-json\/wp\/v2\/types\/post"}],"author":[{"embeddable":true,"href":"https:\/\/jms.com.bo\/mediamonitor\/wp-json\/wp\/v2\/users\/2"}],"replies":[{"embeddable":true,"href":"https:\/\/jms.com.bo\/mediamonitor\/wp-json\/wp\/v2\/comments?post=82183"}],"version-history":[{"count":0,"href":"https:\/\/jms.com.bo\/mediamonitor\/wp-json\/wp\/v2\/posts\/82183\/revisions"}],"wp:featuredmedia":[{"embeddable":true,"href":"https:\/\/jms.com.bo\/mediamonitor\/wp-json\/wp\/v2\/media\/82184"}],"wp:attachment":[{"href":"https:\/\/jms.com.bo\/mediamonitor\/wp-json\/wp\/v2\/media?parent=82183"}],"wp:term":[{"taxonomy":"category","embeddable":true,"href":"https:\/\/jms.com.bo\/mediamonitor\/wp-json\/wp\/v2\/categories?post=82183"},{"taxonomy":"post_tag","embeddable":true,"href":"https:\/\/jms.com.bo\/mediamonitor\/wp-json\/wp\/v2\/tags?post=82183"}],"curies":[{"name":"wp","href":"https:\/\/api.w.org\/{rel}","templated":true}]}}