{"id":82185,"date":"2025-11-21T07:11:16","date_gmt":"2025-11-21T11:11:16","guid":{"rendered":"https:\/\/jms.com.bo\/mediamonitor\/2025\/11\/21\/ministro-lupo-afirma-que-el-bcb-esta-en-insolvencia-total-se-gestiona-us-1-500-millones-para-esta-etapa\/"},"modified":"2025-11-21T07:11:16","modified_gmt":"2025-11-21T11:11:16","slug":"ministro-lupo-afirma-que-el-bcb-esta-en-insolvencia-total-se-gestiona-us-1-500-millones-para-esta-etapa","status":"publish","type":"post","link":"https:\/\/jms.com.bo\/mediamonitor\/2025\/11\/21\/ministro-lupo-afirma-que-el-bcb-esta-en-insolvencia-total-se-gestiona-us-1-500-millones-para-esta-etapa\/","title":{"rendered":"Ministro Lupo afirma que el BCB est\u00e1 en insolvencia total, se gestiona $us 1.500 millones para esta etapa"},"content":{"rendered":"<p style=\"text-align: justify;\">El Banco Central de Bolivia (BCB) est\u00e1 en una insolvencia total, lo que muestra la situaci\u00f3n extremadamente dif\u00edcil por la que atraviesa el pa\u00eds, afirm\u00f3 este jueves el ministro de la Presidencia, Jos\u00e9 Luis Lupo.<\/p>\n<p style=\"text-align: justify;\">No obstante, asegur\u00f3 que, gracias a las gestiones internacionales realizadas por el presidente Rodrigo Paz, incluso antes de asumir la presidencia, se concretar\u00e1 dentro de poco el ingreso de alrededor $us 1.500 millones que ayudar\u00e1n en una primera etapa para dar paso a una segunda etapa con reformas en el pa\u00eds.<\/p>\n<p style=\"text-align: justify;\">\u201cEl Banco Central est\u00e1 en una insolvencia total, sin ninguna liquidez, no tenemos autoridades, no tenemos ni equipos de computaci\u00f3n para ver series hist\u00f3ricas, mucho menos informaci\u00f3n. Son 20 a\u00f1os donde se termin\u00f3 una era y se lleva como resultado esa era un desastre\u201d, afirm\u00f3 en una entrevista con Poder Medios y Miedos.<\/p>\n<p style=\"text-align: justify;\">Incluso, revel\u00f3 que el BCB \u201cno tiene reservas\u201d y, si las tiene en oro est\u00e1n \u201ccomprometidas para ventas futuras\u201d por decisiones que asumi\u00f3 el gobierno del expresidente Luis Arce.<\/p>\n<p style=\"text-align: justify;\">Si bien las exautoridades se\u00f1alaron que se ten\u00eda algo m\u00e1s de $us 300 millones de las reservas en divisas, Lupo aclar\u00f3 que \u201ceso es lo de menos\u201d porque \u201clo que hay son cuentas por pagar\u201d.<\/p>\n<p style=\"text-align: justify;\">\u201cLa situaci\u00f3n es dram\u00e1tica en todos los frentes\u201d, advirti\u00f3 e insisti\u00f3 que \u201cno hay recursos para pagar las deudas comprometidas\u201d porque, adem\u00e1s, las exautoridades firmaron \u201ccontratos hasta el \u00faltimo d\u00eda para comprometer m\u00e1s deuda\u201d.<\/p>\n<p style=\"text-align: justify;\">\u201cTenemos deuda flotante por todas partes, instituci\u00f3n que usted toque tiene deudas y no tiene plata\u201d, asever\u00f3.<\/p>\n<p style=\"text-align: justify;\">D\u00edas despu\u00e9s de tomar el mando de la naci\u00f3n, el presidente Paz advirti\u00f3 que el gobierno saliente dej\u00f3 el Estado convertido en una \u201ccloaca\u201d, y el fin de semana revel\u00f3 el robo de m\u00e1s de $us 15.000 millones en los m\u00e1s de 20 a\u00f1os de gobierno del MAS, incluso abri\u00f3 la posibilidad de que la cifra se incremente.<\/p>\n<p style=\"text-align: justify;\">Lupo afirm\u00f3 que ese robo fue \u201cabsolutamente transversal\u201d, pasando por la Empresa de Apoyo a la Producci\u00f3n de Alimentos (Emapa), que ya fue intervenida, la instalaci\u00f3n de radares que no operan, el \u201ctema de taladros\u201d, entre otros.<\/p>\n<p style=\"text-align: justify;\">Anticip\u00f3 que todos los casos ser\u00e1n documentados y se realizar\u00e1 una investigaci\u00f3n a trav\u00e9s de una comisi\u00f3n para identificar a los responsables que tendr\u00e1n que enfrentar la justicia.<\/p>\n<p style=\"text-align: justify;\">A la consulta de si se lo va a procesar al expresidente Arce, Lupo respondi\u00f3: \u201cA todos los responsables, absolutamente a todos, hay responsables en todas las \u00e1reas, en todos los sectores\u201d.<\/p>\n<p style=\"text-align: justify;\">Al margen de ello, el ministro inform\u00f3 que se est\u00e1 trabajando en brindar soluciones a las demandas de la poblaci\u00f3n, como el vinculado a la dotaci\u00f3n de carburantes.<\/p>\n<p style=\"text-align: justify;\">Indic\u00f3 que, si bien se posibilit\u00f3 el arribo de un bueno n\u00famero de cisternas desde el 8 de noviembre, en la actualidad se est\u00e1 trabajando en la sostenibilidad de la dotaci\u00f3n que tambi\u00e9n involucra de disponibilidad de recursos financieros.<\/p>\n<p style=\"text-align: justify;\">En esa l\u00ednea indic\u00f3 que \u201cla plata se est\u00e1 gestionando (\u2026) a trav\u00e9s de los organismos internacionales y pa\u00edses amigos, para tener la posibilidad, no s\u00f3lo de garantizar los combustibles, sino de dar estabilidad al tipo de cambio, de dar estabilidad al pa\u00eds y que no sigan subiendo los precios\u201d.<\/p>\n<p style=\"text-align: justify;\">\u201cSe est\u00e1 consiguiendo de diferentes fuentes, la parte de liquidez inmediata est\u00e1 viniendo de FLAR (Fondo Latinoamericano de Reservas), viene de CAF (Corporaci\u00f3n Andina de Fomento) y viene de algunos pr\u00e9stamos del Banco Interamericano de Desarrollo y del Banco Mundial\u201d, explic\u00f3.<\/p>\n<p style=\"text-align: justify;\">Precis\u00f3 que en esta primera etapa \u201cvamos a sumar alrededor de 1.500 millones de d\u00f3lares, que nos permitan claramente llegar a una segunda etapa, en la cual vamos a poder ya tener las reformas adecuadas para ser apoyadas por financiamiento\u201d con \u201cmontos a\u00fan mucho mayores\u201d.<\/p>\n<p style=\"text-align: justify;\">\n","protected":false},"excerpt":{"rendered":"<p>El Banco Central de Bolivia (BCB) est\u00e1 en una insolvencia total, lo que muestra la situaci\u00f3n extremadamente dif\u00edcil por la que atraviesa el pa\u00eds, afirm\u00f3 este jueves el ministro de la Presidencia, Jos\u00e9 Luis Lupo. No obstante, asegur\u00f3 que, gracias a las gestiones internacionales realizadas por el presidente Rodrigo Paz, incluso antes de asumir la [&hellip;]<\/p>\n","protected":false},"author":2,"featured_media":82187,"comment_status":"closed","ping_status":"open","sticky":false,"template":"","format":"standard","meta":{"footnotes":""},"categories":[20,47,48],"tags":[],"class_list":{"0":"post-82185","1":"post","2":"type-post","3":"status-publish","4":"format-standard","5":"has-post-thumbnail","7":"category-actualidad","8":"category-portada-actualidad","9":"category-portada-general-sitio"},"_links":{"self":[{"href":"https:\/\/jms.com.bo\/mediamonitor\/wp-json\/wp\/v2\/posts\/82185","targetHints":{"allow":["GET"]}}],"collection":[{"href":"https:\/\/jms.com.bo\/mediamonitor\/wp-json\/wp\/v2\/posts"}],"about":[{"href":"https:\/\/jms.com.bo\/mediamonitor\/wp-json\/wp\/v2\/types\/post"}],"author":[{"embeddable":true,"href":"https:\/\/jms.com.bo\/mediamonitor\/wp-json\/wp\/v2\/users\/2"}],"replies":[{"embeddable":true,"href":"https:\/\/jms.com.bo\/mediamonitor\/wp-json\/wp\/v2\/comments?post=82185"}],"version-history":[{"count":0,"href":"https:\/\/jms.com.bo\/mediamonitor\/wp-json\/wp\/v2\/posts\/82185\/revisions"}],"wp:featuredmedia":[{"embeddable":true,"href":"https:\/\/jms.com.bo\/mediamonitor\/wp-json\/wp\/v2\/media\/82187"}],"wp:attachment":[{"href":"https:\/\/jms.com.bo\/mediamonitor\/wp-json\/wp\/v2\/media?parent=82185"}],"wp:term":[{"taxonomy":"category","embeddable":true,"href":"https:\/\/jms.com.bo\/mediamonitor\/wp-json\/wp\/v2\/categories?post=82185"},{"taxonomy":"post_tag","embeddable":true,"href":"https:\/\/jms.com.bo\/mediamonitor\/wp-json\/wp\/v2\/tags?post=82185"}],"curies":[{"name":"wp","href":"https:\/\/api.w.org\/{rel}","templated":true}]}}