{"id":82188,"date":"2025-11-21T07:12:30","date_gmt":"2025-11-21T11:12:30","guid":{"rendered":"https:\/\/jms.com.bo\/mediamonitor\/2025\/11\/21\/gobierno-estima-un-ahorro-de-us-1-000-millones-anuales-con-la-reduccion-de-ministerios-viceministerios-y-direcciones\/"},"modified":"2025-11-21T07:12:30","modified_gmt":"2025-11-21T11:12:30","slug":"gobierno-estima-un-ahorro-de-us-1-000-millones-anuales-con-la-reduccion-de-ministerios-viceministerios-y-direcciones","status":"publish","type":"post","link":"https:\/\/jms.com.bo\/mediamonitor\/2025\/11\/21\/gobierno-estima-un-ahorro-de-us-1-000-millones-anuales-con-la-reduccion-de-ministerios-viceministerios-y-direcciones\/","title":{"rendered":"Gobierno estima un ahorro de $us 1.000 millones anuales con la reducci\u00f3n de ministerios, viceministerios y direcciones"},"content":{"rendered":"<p style=\"text-align: justify;\">La restructuraci\u00f3n del \u00d3rgano Ejecutivo emprendida por el presidente Rodrigo Paz Pereira, mediante la disminuci\u00f3n de ministerios, viceministerios y direcciones, permitir\u00e1 un ahorro proyectado de al menos $us 1.000 millones cada a\u00f1o, indic\u00f3 el viceministro de Coordinaci\u00f3n de la Gesti\u00f3n P\u00fablica, Julio Linares.<\/p>\n<p style=\"text-align: justify;\">El Decreto Supremo 5488 establece la reestructuraci\u00f3n del Ejecutivo con la reducci\u00f3n de los ministerios de 17 a 15 (aunque ahora bajar\u00e1n a 14 con la reciente desaparici\u00f3n del Ministerio de Justicia), de los viceministerios de 58 a 54, y la eliminaci\u00f3n de 15 direcciones, todo esto en el marco de la pol\u00edtica de austeridad y de mayor eficiencia de la gesti\u00f3n p\u00fablica.<\/p>\n<p style=\"text-align: justify;\">\u201cTenemos que ahorrar al menos tres puntos del d\u00e9ficit fiscal, eso m\u00e1s o menos son 1.000 millones de d\u00f3lares en un a\u00f1o\u201d, se\u00f1al\u00f3 Linares a Radio Fides. Por ejemplo, indic\u00f3 que en el Ministerio de la Presidencia al que pertenece su viceministerio, se bajar\u00e1 en al menos un 30% el personal, pese a que ese despacho asumi\u00f3 la concentraci\u00f3n del trabajo de dos ministerios.<\/p>\n<p style=\"text-align: justify;\">\u201cHay que tomar en cuenta no solamente el n\u00famero porque no nos basamos en el n\u00famero o cu\u00e1nto se ha reducido. He escuchado (que el Ministerio de la Presidencia) est\u00e1 aumentado (funcionarios) en vez de decrementar y no es as\u00ed, tenemos en la estructura organizacional, aunque ahora se haya dividido este viceministerio, vamos a tener el 30% menos de personal\u201d, indic\u00f3.<\/p>\n<p style=\"text-align: justify;\">Asimismo, la autoridad anunci\u00f3 que el decreto ser\u00e1 sustituido por una Ley de Organizaci\u00f3n del Poder Ejecutivo (LOPE) que pasar\u00e1 por la aprobaci\u00f3n de la Asamblea Legislativa, con la finalidad de modernizar y transparentar la estructura estatal, ya que desde 2007 los decretos sobre el tema se adaptaron a intereses caudillistas que deterioraron la institucionalidad.<\/p>\n<p style=\"text-align: justify;\">\u201cEl tema no va en el n\u00famero de ministerios y viceministerios con el gasto corriente, lo que estamos haciendo es readecuar la estructura organizacional (\u2026) eso es lo que la gente tiene que entender, estamos readecuando y queriendo desmantelar, transformar una estructura organizacional gubernamental con sus ministerios y viceministerios que estaba hecha a la medida de la corrupci\u00f3n\u201d, agreg\u00f3.<\/p>\n","protected":false},"excerpt":{"rendered":"<p>La restructuraci\u00f3n del \u00d3rgano Ejecutivo emprendida por el presidente Rodrigo Paz Pereira, mediante la disminuci\u00f3n de ministerios, viceministerios y direcciones, permitir\u00e1 un ahorro proyectado de al menos $us 1.000 millones cada a\u00f1o, indic\u00f3 el viceministro de Coordinaci\u00f3n de la Gesti\u00f3n P\u00fablica, Julio Linares. El Decreto Supremo 5488 establece la reestructuraci\u00f3n del Ejecutivo con la reducci\u00f3n [&hellip;]<\/p>\n","protected":false},"author":2,"featured_media":82189,"comment_status":"closed","ping_status":"open","sticky":false,"template":"","format":"standard","meta":{"footnotes":""},"categories":[25,45,48],"tags":[],"class_list":{"0":"post-82188","1":"post","2":"type-post","3":"status-publish","4":"format-standard","5":"has-post-thumbnail","7":"category-economia","8":"category-portada-economia","9":"category-portada-general-sitio"},"_links":{"self":[{"href":"https:\/\/jms.com.bo\/mediamonitor\/wp-json\/wp\/v2\/posts\/82188","targetHints":{"allow":["GET"]}}],"collection":[{"href":"https:\/\/jms.com.bo\/mediamonitor\/wp-json\/wp\/v2\/posts"}],"about":[{"href":"https:\/\/jms.com.bo\/mediamonitor\/wp-json\/wp\/v2\/types\/post"}],"author":[{"embeddable":true,"href":"https:\/\/jms.com.bo\/mediamonitor\/wp-json\/wp\/v2\/users\/2"}],"replies":[{"embeddable":true,"href":"https:\/\/jms.com.bo\/mediamonitor\/wp-json\/wp\/v2\/comments?post=82188"}],"version-history":[{"count":0,"href":"https:\/\/jms.com.bo\/mediamonitor\/wp-json\/wp\/v2\/posts\/82188\/revisions"}],"wp:featuredmedia":[{"embeddable":true,"href":"https:\/\/jms.com.bo\/mediamonitor\/wp-json\/wp\/v2\/media\/82189"}],"wp:attachment":[{"href":"https:\/\/jms.com.bo\/mediamonitor\/wp-json\/wp\/v2\/media?parent=82188"}],"wp:term":[{"taxonomy":"category","embeddable":true,"href":"https:\/\/jms.com.bo\/mediamonitor\/wp-json\/wp\/v2\/categories?post=82188"},{"taxonomy":"post_tag","embeddable":true,"href":"https:\/\/jms.com.bo\/mediamonitor\/wp-json\/wp\/v2\/tags?post=82188"}],"curies":[{"name":"wp","href":"https:\/\/api.w.org\/{rel}","templated":true}]}}