{"id":82199,"date":"2025-11-24T07:10:32","date_gmt":"2025-11-24T11:10:32","guid":{"rendered":"https:\/\/jms.com.bo\/mediamonitor\/2025\/11\/24\/industriales-piden-que-la-agenda-productiva-siga-avanzando\/"},"modified":"2025-11-24T07:10:32","modified_gmt":"2025-11-24T11:10:32","slug":"industriales-piden-que-la-agenda-productiva-siga-avanzando","status":"publish","type":"post","link":"https:\/\/jms.com.bo\/mediamonitor\/2025\/11\/24\/industriales-piden-que-la-agenda-productiva-siga-avanzando\/","title":{"rendered":"Industriales piden que la agenda productiva siga avanzando"},"content":{"rendered":"<p style=\"text-align: justify;\">Desde la C\u00e1mara Nacional de Industrias (CNI) puntualizaron que el pa\u00eds necesita estabilidad, coordinaci\u00f3n y decisiones claras para producir, invertir y generar empleo. En un momento en el que el pa\u00eds requiere mayor articulaci\u00f3n, es fundamental que la agenda productiva contin\u00fae avanzando para sostener a miles de familias bolivianas.<\/p>\n<p style=\"text-align: justify;\">\u00abNuestro compromiso es construir, unir y avanzar\u00bb, subray\u00f3 la CNI, a tiempo de invitar al presidente, Rodrigo Paz, y al vicepresidente, Edman Lara, a conocer de primera mano la realidad del sector industrial, sus desaf\u00edos, su aporte al pa\u00eds y las propuestas que hemos desarrollado para reactivar y fortalecer la producci\u00f3n nacional.<\/p>\n<p style=\"text-align: justify;\">\u00abAsimismo, los convocamos a sostener un Encuentro con la CNI y con todas las C\u00e1maras Departamentales de Bolivia, ajust\u00e1ndonos plenamente a sus agendas, con el fin de construir una ruta conjunta que devuelva fuerza, rumbo y esperanza a Bolivia\u00bb, invitaron desde la entidad industrial..<\/p>\n","protected":false},"excerpt":{"rendered":"<p>Desde la C\u00e1mara Nacional de Industrias (CNI) puntualizaron que el pa\u00eds necesita estabilidad, coordinaci\u00f3n y decisiones claras para producir, invertir y generar empleo. En un momento en el que el pa\u00eds requiere mayor articulaci\u00f3n, es fundamental que la agenda productiva contin\u00fae avanzando para sostener a miles de familias bolivianas. \u00abNuestro compromiso es construir, unir y [&hellip;]<\/p>\n","protected":false},"author":2,"featured_media":81409,"comment_status":"closed","ping_status":"open","sticky":false,"template":"","format":"standard","meta":{"footnotes":""},"categories":[1],"tags":[],"class_list":{"0":"post-82199","1":"post","2":"type-post","3":"status-publish","4":"format-standard","5":"has-post-thumbnail","7":"category-uncategorized"},"_links":{"self":[{"href":"https:\/\/jms.com.bo\/mediamonitor\/wp-json\/wp\/v2\/posts\/82199","targetHints":{"allow":["GET"]}}],"collection":[{"href":"https:\/\/jms.com.bo\/mediamonitor\/wp-json\/wp\/v2\/posts"}],"about":[{"href":"https:\/\/jms.com.bo\/mediamonitor\/wp-json\/wp\/v2\/types\/post"}],"author":[{"embeddable":true,"href":"https:\/\/jms.com.bo\/mediamonitor\/wp-json\/wp\/v2\/users\/2"}],"replies":[{"embeddable":true,"href":"https:\/\/jms.com.bo\/mediamonitor\/wp-json\/wp\/v2\/comments?post=82199"}],"version-history":[{"count":0,"href":"https:\/\/jms.com.bo\/mediamonitor\/wp-json\/wp\/v2\/posts\/82199\/revisions"}],"wp:featuredmedia":[{"embeddable":true,"href":"https:\/\/jms.com.bo\/mediamonitor\/wp-json\/wp\/v2\/media\/81409"}],"wp:attachment":[{"href":"https:\/\/jms.com.bo\/mediamonitor\/wp-json\/wp\/v2\/media?parent=82199"}],"wp:term":[{"taxonomy":"category","embeddable":true,"href":"https:\/\/jms.com.bo\/mediamonitor\/wp-json\/wp\/v2\/categories?post=82199"},{"taxonomy":"post_tag","embeddable":true,"href":"https:\/\/jms.com.bo\/mediamonitor\/wp-json\/wp\/v2\/tags?post=82199"}],"curies":[{"name":"wp","href":"https:\/\/api.w.org\/{rel}","templated":true}]}}