{"id":82206,"date":"2025-11-24T07:15:46","date_gmt":"2025-11-24T11:15:46","guid":{"rendered":"https:\/\/jms.com.bo\/mediamonitor\/2025\/11\/24\/el-zar-antidrogas-confirma-que-la-dea-regresara-a-bolivia-muy-pronto\/"},"modified":"2025-11-24T07:15:46","modified_gmt":"2025-11-24T11:15:46","slug":"el-zar-antidrogas-confirma-que-la-dea-regresara-a-bolivia-muy-pronto","status":"publish","type":"post","link":"https:\/\/jms.com.bo\/mediamonitor\/2025\/11\/24\/el-zar-antidrogas-confirma-que-la-dea-regresara-a-bolivia-muy-pronto\/","title":{"rendered":"El \u201czar antidrogas\u201d confirma que la DEA regresar\u00e1 a Bolivia \u201cmuy pronto\u201d"},"content":{"rendered":"<p style=\"text-align: justify;\">La agencia de Administraci\u00f3n de Control de Drogas de Estados Unidos (DEA), retornar\u00e1 \u00abmuy pronto\u00bb a Bolivia, tras su expulsi\u00f3n en 2008, seg\u00fan anunci\u00f3 el zar antidrogas Ernesto Justiniano, quien adem\u00e1s calific\u00f3 de \u00abexorbitantes\u00bb las cifras estimadas de producci\u00f3n de coca\u00edna en el pa\u00eds.<\/p>\n<p style=\"text-align: justify;\">La DEA regresar\u00e1 \u00abmuy pronto, porque existe un compromiso pol\u00edtico y eso es lo m\u00e1s importante\u00bb, declar\u00f3 Justiniano a la agencia de noticias francesa AFP.<\/p>\n<p style=\"text-align: justify;\">Destac\u00f3 que la tarea principal ser\u00e1 la reanudaci\u00f3n del intercambio de informaci\u00f3n. \u00abLa cooperaci\u00f3n internacional es fundamental\u00bb, afirm\u00f3 la autoridad, quien tambi\u00e9n hizo un llamado a los pa\u00edses vecinos y Europa para responder a los requerimientos de Bolivia.<\/p>\n<p style=\"text-align: justify;\">Para la autoridad, el objetivo es claro: \u00abYa no seremos un pa\u00eds aislado, un pa\u00eds que se mira el ombligo y act\u00faa \u00fanicamente por necesidad pol\u00edtica\u00bb.<\/p>\n<p style=\"text-align: justify;\">La DEA estuvo ausente en Bolivia desde la ruptura de las relaciones bilaterales en 2008, cuando el entonces presidente Evo Morales expuls\u00f3 al embajador estadounidense, a quien acusaba de apoyar un movimiento de derecha que, seg\u00fan \u00e9l, buscaba dividir al pa\u00eds andino.<\/p>\n<p style=\"text-align: justify;\">La llegada al poder de Rodrigo Paz a principios de noviembre reactiv\u00f3 las relaciones entre ambos pa\u00edses, abriendo ahora el camino al regreso de la agencia antidrogas estadounidense.<\/p>\n<p style=\"text-align: justify;\">En nuevo Gobierno busca darle un giro dr\u00e1stico en lo pol\u00edtico, econ\u00f3mico, social y diplom\u00e1tico a lo que se hizo en el pa\u00eds durante los gobiernos de los izquierdistas Evo Morales (2006-2019) y Luis Arce (2020-2025).<\/p>\n<p style=\"text-align: justify;\">Erradicaci\u00f3n<\/p>\n<p style=\"text-align: justify;\">La erradicaci\u00f3n de hojas de coca, materia prima para fabricar coca\u00edna, y el combate a las mafias de la droga son tareas centrales. Y La Paz mira a Washington ya sus vecinos sudamericanos como aliados estrat\u00e9gicos para luchar contra semejante flagelo.<\/p>\n<p style=\"text-align: justify;\">Bolivia, seg\u00fan datos de las Naciones Unidas, es el tercer productor mundial de coca y coca\u00edna, despu\u00e9s de Colombia y Per\u00fa.<\/p>\n<p style=\"text-align: justify;\">Justiniano ya ocup\u00f3 a principios de siglo el viceministerio de Defensa Social y Sustancias Controladas (\u00abzar antidrogas\u00bb). Ingeniero y administrador de empresas de 56 a\u00f1os, es el responsable pol\u00edtico del \u00e1rea.<\/p>\n<p style=\"text-align: justify;\">Su objetivo es erradicar sembrad\u00edos de hojas de coca y combatir al tr\u00e1fico de drogas. Bolivia tiene 31.000 hect\u00e1reas de coca, seg\u00fan las Naciones Unidas, de las que s\u00f3lo 22.000 son reconocidas como legales. Empero, no hay datos actualizados del potencial de producci\u00f3n de coca\u00edna.<\/p>\n","protected":false},"excerpt":{"rendered":"<p>La agencia de Administraci\u00f3n de Control de Drogas de Estados Unidos (DEA), retornar\u00e1 \u00abmuy pronto\u00bb a Bolivia, tras su expulsi\u00f3n en 2008, seg\u00fan anunci\u00f3 el zar antidrogas Ernesto Justiniano, quien adem\u00e1s calific\u00f3 de \u00abexorbitantes\u00bb las cifras estimadas de producci\u00f3n de coca\u00edna en el pa\u00eds. La DEA regresar\u00e1 \u00abmuy pronto, porque existe un compromiso pol\u00edtico y [&hellip;]<\/p>\n","protected":false},"author":2,"featured_media":82207,"comment_status":"closed","ping_status":"open","sticky":false,"template":"","format":"standard","meta":{"footnotes":""},"categories":[20],"tags":[],"class_list":{"0":"post-82206","1":"post","2":"type-post","3":"status-publish","4":"format-standard","5":"has-post-thumbnail","7":"category-actualidad"},"_links":{"self":[{"href":"https:\/\/jms.com.bo\/mediamonitor\/wp-json\/wp\/v2\/posts\/82206","targetHints":{"allow":["GET"]}}],"collection":[{"href":"https:\/\/jms.com.bo\/mediamonitor\/wp-json\/wp\/v2\/posts"}],"about":[{"href":"https:\/\/jms.com.bo\/mediamonitor\/wp-json\/wp\/v2\/types\/post"}],"author":[{"embeddable":true,"href":"https:\/\/jms.com.bo\/mediamonitor\/wp-json\/wp\/v2\/users\/2"}],"replies":[{"embeddable":true,"href":"https:\/\/jms.com.bo\/mediamonitor\/wp-json\/wp\/v2\/comments?post=82206"}],"version-history":[{"count":0,"href":"https:\/\/jms.com.bo\/mediamonitor\/wp-json\/wp\/v2\/posts\/82206\/revisions"}],"wp:featuredmedia":[{"embeddable":true,"href":"https:\/\/jms.com.bo\/mediamonitor\/wp-json\/wp\/v2\/media\/82207"}],"wp:attachment":[{"href":"https:\/\/jms.com.bo\/mediamonitor\/wp-json\/wp\/v2\/media?parent=82206"}],"wp:term":[{"taxonomy":"category","embeddable":true,"href":"https:\/\/jms.com.bo\/mediamonitor\/wp-json\/wp\/v2\/categories?post=82206"},{"taxonomy":"post_tag","embeddable":true,"href":"https:\/\/jms.com.bo\/mediamonitor\/wp-json\/wp\/v2\/tags?post=82206"}],"curies":[{"name":"wp","href":"https:\/\/api.w.org\/{rel}","templated":true}]}}