{"id":82210,"date":"2025-11-24T07:19:23","date_gmt":"2025-11-24T11:19:23","guid":{"rendered":"https:\/\/jms.com.bo\/mediamonitor\/2025\/11\/24\/la-union-europea-investiga-desvio-de-la-cooperacion-que-debia-servir-para-dotar-agua\/"},"modified":"2025-11-24T07:19:23","modified_gmt":"2025-11-24T11:19:23","slug":"la-union-europea-investiga-desvio-de-la-cooperacion-que-debia-servir-para-dotar-agua","status":"publish","type":"post","link":"https:\/\/jms.com.bo\/mediamonitor\/2025\/11\/24\/la-union-europea-investiga-desvio-de-la-cooperacion-que-debia-servir-para-dotar-agua\/","title":{"rendered":"La Uni\u00f3n Europea investiga desv\u00edo de la cooperaci\u00f3n que deb\u00eda servir para dotar agua"},"content":{"rendered":"<p style=\"text-align: justify;\">La Oficina Europea de Lucha contra el Fraude (OLAF), la entidad encargada de investigar \u2014a escala global\u2014 los casos de corrupci\u00f3n que afectan los recursos del apoyo internacional que proporciona la Uni\u00f3n Europea (UE) abri\u00f3 una investigaci\u00f3n sobre el presunto desv\u00edo de fondos, precisamente de esa cooperaci\u00f3n, destinados al Gobierno de Bolivia. Este caso est\u00e1 vinculado con una pesquisa sobre un pago de coimas de empresas a funcionarios del anterior gobierno para validar la adjudicaci\u00f3n de obras.<\/p>\n<p style=\"text-align: justify;\">La investigaci\u00f3n se centra en recursos entregados al pa\u00eds para programas de saneamiento y dotaci\u00f3n de agua potable en zonas rurales, encargados al entonces Ministerio de Medio Ambiente y Agua (MMAyA). Se presume que, parte de esos fondos, fueron desviados mediante contrataciones direccionadas con sobornos al exministro Juan Santos Cruz.<\/p>\n<p style=\"text-align: justify;\">\u201cEs as\u00ed. La Uni\u00f3n Europea, a trav\u00e9s de su instancia investigativa, la OLAF, nos envi\u00f3 una nota desde B\u00e9lgica, solicitando informaci\u00f3n del proceso conocido como Coimas millonarias, en el cual est\u00e1 involucrado el exministro Juan Santos Cruz. La UE financi\u00f3 varios de los proyectos cuyas adjudicaciones fueron direccionadas\u201d, inform\u00f3 a EL DEBER el abogado constitucionalista Abel Loma, quien defendi\u00f3 a una de las implicadas en el caso.<\/p>\n<p style=\"text-align: justify;\">El origen de este caso<br \/>\nLoma asumi\u00f3 la defensa de la denominada \u201ctestigo clave\u201d Claudia Cortez, una empresaria que entre 2021 y 2023 declar\u00f3 haber cobrado coimas del 3% del valor de contratos adjudicados por el Ministerio de Medio Ambiente y Agua bajo el r\u00f3tulo de \u201caportes para organizaciones sociales\u201d.<\/p>\n<p style=\"text-align: justify;\">\u201cLa primera comisi\u00f3n (que cobr\u00e9) fue de (Bs) 2.340.000 por la obra (de alcantarillado) en Viacha. La segunda obra adjudicada est\u00e1 en Cochabamba. Se dividi\u00f3 en tres lotes, cada uno de Bs 23 millones. Calculo que, en total, recaud\u00e9 para el (ex) ministro alrededor de Bs 19 millones en coimas de todas las obras que negoci\u00e9\u201d, declar\u00f3 Cortez al portal Rimay Pampa en 2023.<\/p>\n<p style=\"text-align: justify;\">Seg\u00fan Loma, quien tambi\u00e9n trabaj\u00f3 en otras investigaciones de alcance internacional, la OLAF deb\u00eda haber hecho requerimientos similares v\u00eda Canciller\u00eda a la Fiscal\u00eda General y al propio Ministerio de Medio Ambiente y Agua antes de su cierre. EL DEBER consult\u00f3 a la Delegaci\u00f3n de la Uni\u00f3n Europea en Bolivia sobre el alcance de la pesquisa. De este modo, el requerimiento period\u00edstico fue reportado a Bruselas desde donde se emitir\u00e1 una respuesta.<\/p>\n<p style=\"text-align: justify;\">Tambi\u00e9n se emitieron consultas a la Fiscal\u00eda y a autoridades del Gobierno. Hasta el cierre de esta edici\u00f3n no hubo respuesta.<\/p>\n","protected":false},"excerpt":{"rendered":"<p>La Oficina Europea de Lucha contra el Fraude (OLAF), la entidad encargada de investigar \u2014a escala global\u2014 los casos de corrupci\u00f3n que afectan los recursos del apoyo internacional que proporciona la Uni\u00f3n Europea (UE) abri\u00f3 una investigaci\u00f3n sobre el presunto desv\u00edo de fondos, precisamente de esa cooperaci\u00f3n, destinados al Gobierno de Bolivia. Este caso est\u00e1 [&hellip;]<\/p>\n","protected":false},"author":2,"featured_media":31879,"comment_status":"closed","ping_status":"open","sticky":false,"template":"","format":"standard","meta":{"footnotes":""},"categories":[20,47,48],"tags":[],"class_list":{"0":"post-82210","1":"post","2":"type-post","3":"status-publish","4":"format-standard","5":"has-post-thumbnail","7":"category-actualidad","8":"category-portada-actualidad","9":"category-portada-general-sitio"},"_links":{"self":[{"href":"https:\/\/jms.com.bo\/mediamonitor\/wp-json\/wp\/v2\/posts\/82210","targetHints":{"allow":["GET"]}}],"collection":[{"href":"https:\/\/jms.com.bo\/mediamonitor\/wp-json\/wp\/v2\/posts"}],"about":[{"href":"https:\/\/jms.com.bo\/mediamonitor\/wp-json\/wp\/v2\/types\/post"}],"author":[{"embeddable":true,"href":"https:\/\/jms.com.bo\/mediamonitor\/wp-json\/wp\/v2\/users\/2"}],"replies":[{"embeddable":true,"href":"https:\/\/jms.com.bo\/mediamonitor\/wp-json\/wp\/v2\/comments?post=82210"}],"version-history":[{"count":0,"href":"https:\/\/jms.com.bo\/mediamonitor\/wp-json\/wp\/v2\/posts\/82210\/revisions"}],"wp:featuredmedia":[{"embeddable":true,"href":"https:\/\/jms.com.bo\/mediamonitor\/wp-json\/wp\/v2\/media\/31879"}],"wp:attachment":[{"href":"https:\/\/jms.com.bo\/mediamonitor\/wp-json\/wp\/v2\/media?parent=82210"}],"wp:term":[{"taxonomy":"category","embeddable":true,"href":"https:\/\/jms.com.bo\/mediamonitor\/wp-json\/wp\/v2\/categories?post=82210"},{"taxonomy":"post_tag","embeddable":true,"href":"https:\/\/jms.com.bo\/mediamonitor\/wp-json\/wp\/v2\/tags?post=82210"}],"curies":[{"name":"wp","href":"https:\/\/api.w.org\/{rel}","templated":true}]}}