{"id":82229,"date":"2025-11-24T07:45:07","date_gmt":"2025-11-24T11:45:07","guid":{"rendered":"https:\/\/jms.com.bo\/mediamonitor\/2025\/11\/24\/paraguay-avanza-en-gasoducto-y-busca-ser-hub-energetico-regional\/"},"modified":"2025-11-24T07:45:07","modified_gmt":"2025-11-24T11:45:07","slug":"paraguay-avanza-en-gasoducto-y-busca-ser-hub-energetico-regional","status":"publish","type":"post","link":"https:\/\/jms.com.bo\/mediamonitor\/2025\/11\/24\/paraguay-avanza-en-gasoducto-y-busca-ser-hub-energetico-regional\/","title":{"rendered":"Paraguay avanza en gasoducto y busca ser hub energ\u00e9tico regional"},"content":{"rendered":"<p style=\"text-align: justify;\">Paraguay acelera las gestiones para concretar el Gasoducto Bioce\u00e1nico y posicionarse como un nuevo centro energ\u00e9tico regional, afirm\u00f3 el viceministro de Minas y Energ\u00eda, Mauricio Bejarano, en una entrevista con La Naci\u00f3n de Paraguay.<\/p>\n<p style=\"text-align: justify;\">El proyecto avanza en paralelo a un proceso de armonizaci\u00f3n normativa que involucra a Argentina, Brasil y organismos regionales.<\/p>\n<p style=\"text-align: justify;\">El gasoducto, que naci\u00f3 tras la firma de un memor\u00e1ndum de entendimiento entre Paraguay y Argentina para evaluar la exportaci\u00f3n de gas natural, ingres\u00f3 a una fase de trabajo t\u00e9cnico constante. Equipos de ambos pa\u00edses sostienen reuniones virtuales para ajustar aspectos regulatorios, operativos y de interconexi\u00f3n.<\/p>\n<p style=\"text-align: justify;\">Paraguay<br \/>\nBejarano explic\u00f3 que la iniciativa forma parte de una agenda m\u00e1s amplia coordinada por la Organizaci\u00f3n Latinoamericana de Energ\u00eda (Olade), que impulsa un estudio para armonizar las regulaciones energ\u00e9ticas del Mercosur y Chile. En este contexto, Paraguay trabaja en la actualizaci\u00f3n de su Ley del Gas Natural, vigente desde 1997 pero nunca reglamentada, con el fin de adecuarla a est\u00e1ndares modernos y convertirse en un destino seguro para inversiones de gran escala.<\/p>\n<p style=\"text-align: justify;\">El Gobierno paraguayo prev\u00e9 contratar en breve a un especialista para avanzar en la armonizaci\u00f3n normativa con Argentina, un proceso que luego se replicar\u00e1 con Brasil. Este paso es clave para que, al momento de firmar los contratos del gasoducto y de futura comercializaci\u00f3n, exista un marco regulatorio moderno, compatible y previsible.<\/p>\n<p style=\"text-align: justify;\">El siguiente hito ser\u00e1 avanzar en un memor\u00e1ndum de entendimiento con Brasil, m\u00e1s all\u00e1 del ya existente con Mato Grosso. Durante la pr\u00f3xima Cumbre del Mercosur, se prev\u00e9n reuniones bilaterales entre ministros de Energ\u00eda para profundizar el acuerdo. Brasil es un socio estrat\u00e9gico, ya que consume alrededor de 70 millones de metros c\u00fabicos de gas por d\u00eda.<\/p>\n<p style=\"text-align: justify;\">Ruta<br \/>\nEn cuanto al trazado, los estudios t\u00e9cnicos confirman que la opci\u00f3n m\u00e1s eficiente es cruzar el Chaco paraguayo siguiendo el corredor de la Ruta Bioce\u00e1nica. Esta alternativa permitir\u00eda abastecer al nordeste argentino y al mercado brasile\u00f1o, adem\u00e1s de implementar el sistema en aproximadamente cinco a\u00f1os, un plazo considerado competitivo ante la urgencia energ\u00e9tica regional.<\/p>\n<p style=\"text-align: justify;\">Sobre las inversiones, Bejarano detall\u00f3 que el gasoducto requerir\u00e1 alrededor de $us 2.000 millones para un ducto de 32 pulgadas con capacidad de transportar 30 millones de metros c\u00fabicos diarios. Paralelamente, se proyecta una planta de generaci\u00f3n el\u00e9ctrica en el Chaco Central, que utilizar\u00eda el gas como fuente primaria. Este segundo proyecto demandar\u00eda cerca de $us 1.000 millones y tendr\u00eda una capacidad de 1.000 MW, bajo tecnolog\u00eda de ciclo combinado u otros sistemas avanzados.<\/p>\n<p style=\"text-align: justify;\">El financiamiento, se\u00f1al\u00f3 el viceministro, podr\u00eda provenir mayoritariamente del sector privado, que observa el proyecto con inter\u00e9s siempre que exista seguridad jur\u00eddica y un marco regulatorio regional coherente.<\/p>\n<p style=\"text-align: justify;\">De concretarse el proyecto, Bolivia tendr\u00eda un competidor directo para abastecer a los que fueron sus dos principales mercados en la exportaci\u00f3n de gas: Brasil y Argentina.<\/p>\n","protected":false},"excerpt":{"rendered":"<p>Paraguay acelera las gestiones para concretar el Gasoducto Bioce\u00e1nico y posicionarse como un nuevo centro energ\u00e9tico regional, afirm\u00f3 el viceministro de Minas y Energ\u00eda, Mauricio Bejarano, en una entrevista con La Naci\u00f3n de Paraguay. El proyecto avanza en paralelo a un proceso de armonizaci\u00f3n normativa que involucra a Argentina, Brasil y organismos regionales. El gasoducto, [&hellip;]<\/p>\n","protected":false},"author":2,"featured_media":81397,"comment_status":"closed","ping_status":"open","sticky":false,"template":"","format":"standard","meta":{"footnotes":""},"categories":[1],"tags":[],"class_list":{"0":"post-82229","1":"post","2":"type-post","3":"status-publish","4":"format-standard","5":"has-post-thumbnail","7":"category-uncategorized"},"_links":{"self":[{"href":"https:\/\/jms.com.bo\/mediamonitor\/wp-json\/wp\/v2\/posts\/82229","targetHints":{"allow":["GET"]}}],"collection":[{"href":"https:\/\/jms.com.bo\/mediamonitor\/wp-json\/wp\/v2\/posts"}],"about":[{"href":"https:\/\/jms.com.bo\/mediamonitor\/wp-json\/wp\/v2\/types\/post"}],"author":[{"embeddable":true,"href":"https:\/\/jms.com.bo\/mediamonitor\/wp-json\/wp\/v2\/users\/2"}],"replies":[{"embeddable":true,"href":"https:\/\/jms.com.bo\/mediamonitor\/wp-json\/wp\/v2\/comments?post=82229"}],"version-history":[{"count":0,"href":"https:\/\/jms.com.bo\/mediamonitor\/wp-json\/wp\/v2\/posts\/82229\/revisions"}],"wp:featuredmedia":[{"embeddable":true,"href":"https:\/\/jms.com.bo\/mediamonitor\/wp-json\/wp\/v2\/media\/81397"}],"wp:attachment":[{"href":"https:\/\/jms.com.bo\/mediamonitor\/wp-json\/wp\/v2\/media?parent=82229"}],"wp:term":[{"taxonomy":"category","embeddable":true,"href":"https:\/\/jms.com.bo\/mediamonitor\/wp-json\/wp\/v2\/categories?post=82229"},{"taxonomy":"post_tag","embeddable":true,"href":"https:\/\/jms.com.bo\/mediamonitor\/wp-json\/wp\/v2\/tags?post=82229"}],"curies":[{"name":"wp","href":"https:\/\/api.w.org\/{rel}","templated":true}]}}