{"id":82230,"date":"2025-11-24T07:46:57","date_gmt":"2025-11-24T11:46:57","guid":{"rendered":"https:\/\/jms.com.bo\/mediamonitor\/2025\/11\/24\/la-cob-llama-a-un-ampliado-ante-posible-cambio-del-regimen-laboral-en-ypfb-y-ende\/"},"modified":"2025-11-24T07:46:57","modified_gmt":"2025-11-24T11:46:57","slug":"la-cob-llama-a-un-ampliado-ante-posible-cambio-del-regimen-laboral-en-ypfb-y-ende","status":"publish","type":"post","link":"https:\/\/jms.com.bo\/mediamonitor\/2025\/11\/24\/la-cob-llama-a-un-ampliado-ante-posible-cambio-del-regimen-laboral-en-ypfb-y-ende\/","title":{"rendered":"La COB llama a un ampliado ante posible cambio del r\u00e9gimen laboral en YPFB y ENDE"},"content":{"rendered":"<p style=\"text-align: justify;\">La Central Obrera Boliviana (COB), llama a un ampliado de emergencia para el 26 de noviembre. \u00bfEl motivo? El dato de un proyecto de decreto supremo que busca que los trabajadores de Yacimientos Petrol\u00edferos Fiscales Bolivianos (YPFB) y de la Empresa Nacional de Electricidad (ENDE) dejen de pertenecer al r\u00e9gimen de la Ley General del Trabajo para pasar a la Ley 2027 del Estatuto del Funcionario P\u00fablico.<\/p>\n<p style=\"text-align: justify;\">De concretarse la medida, para la COB esto significar\u00eda la p\u00e9rdida de beneficios sociales, la restricci\u00f3n del derecho a la sindicalizaci\u00f3n. Esa posibilidad no pas\u00f3 desapercibida por el ente matriz de los trabajadores del pa\u00eds.<\/p>\n<p style=\"text-align: justify;\">El proyecto de decreto tendr\u00eda el objetivo de institucionalizar YPFB y ENDE bajo criterios de transparencia, eficiencia y meritocracia, eliminando los sindicatos internos y obligando a su personal a migrar al r\u00e9gimen de servidor p\u00fablico.<\/p>\n<p style=\"text-align: justify;\">Alerta<\/p>\n<p style=\"text-align: justify;\">Ante esa posibilidad, la COB convoc\u00f3 a un ampliado nacional de emergencia para el mi\u00e9rcoles 26, que se realizar\u00e1 en la sede de la Federaci\u00f3n de Trabajadores Mineros de La Paz.<\/p>\n<p style=\"text-align: justify;\">La dirigencia cobista anticip\u00f3 su rechazo a la futura norma por ser \u201cun atentado a la estabilidad laboral\u201d.<\/p>\n<p style=\"text-align: justify;\">En La Paz, la Confederaci\u00f3n Sindical de Trabajadores de Luz, Telecomunicaciones, Aguas y Gas de Bolivia emiti\u00f3 un pronunciamiento el pasado 22 de noviembre, rechazando \u201cde manera categ\u00f3rica\u201d el proyecto de decreto, al considerar una amenaza a la estabilidad de los trabajadores.<\/p>\n<p style=\"text-align: justify;\">La organizaci\u00f3n instruy\u00f3 preparar todas las medidas necesarias para frenar su aplicaci\u00f3n y remarc\u00f3 que el personal operativo no tiene responsabilidad en problemas administrativos o financieros de las empresas p\u00fablicas.<\/p>\n<p style=\"text-align: justify;\">Por su parte, el sindicato de Trabajadores de ENDE-Cochabamba tambi\u00e9n rechaz\u00f3 el presunto cambio de r\u00e9gimen laboral al que considera ilegal para los derechos adquiridos.<\/p>\n<p style=\"text-align: justify;\">Los dirigentes exigieron transparencia en el estado financiero de ENDE.<\/p>\n<p style=\"text-align: justify;\">Y los representantes de los trabajadores del sector petroleros, confirmaron su participaci\u00f3n en el ampliado convocado por la COB.<\/p>\n<p style=\"text-align: justify;\">D\u00edas atr\u00e1s el el ministro de Trabajo, \u00c9dgar Morales, se\u00f1al\u00f3 que la Ley General del Trabajo es \u201cmuy antigua\u201d y \u201cya no se ajusta a nuestra realidad\u201d, por lo que ha encargado a la direcci\u00f3n jur\u00eddica del ministerio revisar la normativa y proponer las modificaciones y mejoras necesarias.<\/p>\n","protected":false},"excerpt":{"rendered":"<p>La Central Obrera Boliviana (COB), llama a un ampliado de emergencia para el 26 de noviembre. \u00bfEl motivo? El dato de un proyecto de decreto supremo que busca que los trabajadores de Yacimientos Petrol\u00edferos Fiscales Bolivianos (YPFB) y de la Empresa Nacional de Electricidad (ENDE) dejen de pertenecer al r\u00e9gimen de la Ley General del [&hellip;]<\/p>\n","protected":false},"author":2,"featured_media":31647,"comment_status":"closed","ping_status":"open","sticky":false,"template":"","format":"standard","meta":{"footnotes":""},"categories":[48,43],"tags":[],"class_list":{"0":"post-82230","1":"post","2":"type-post","3":"status-publish","4":"format-standard","5":"has-post-thumbnail","7":"category-portada-general-sitio","8":"category-portada-oil-gas"},"_links":{"self":[{"href":"https:\/\/jms.com.bo\/mediamonitor\/wp-json\/wp\/v2\/posts\/82230","targetHints":{"allow":["GET"]}}],"collection":[{"href":"https:\/\/jms.com.bo\/mediamonitor\/wp-json\/wp\/v2\/posts"}],"about":[{"href":"https:\/\/jms.com.bo\/mediamonitor\/wp-json\/wp\/v2\/types\/post"}],"author":[{"embeddable":true,"href":"https:\/\/jms.com.bo\/mediamonitor\/wp-json\/wp\/v2\/users\/2"}],"replies":[{"embeddable":true,"href":"https:\/\/jms.com.bo\/mediamonitor\/wp-json\/wp\/v2\/comments?post=82230"}],"version-history":[{"count":0,"href":"https:\/\/jms.com.bo\/mediamonitor\/wp-json\/wp\/v2\/posts\/82230\/revisions"}],"wp:featuredmedia":[{"embeddable":true,"href":"https:\/\/jms.com.bo\/mediamonitor\/wp-json\/wp\/v2\/media\/31647"}],"wp:attachment":[{"href":"https:\/\/jms.com.bo\/mediamonitor\/wp-json\/wp\/v2\/media?parent=82230"}],"wp:term":[{"taxonomy":"category","embeddable":true,"href":"https:\/\/jms.com.bo\/mediamonitor\/wp-json\/wp\/v2\/categories?post=82230"},{"taxonomy":"post_tag","embeddable":true,"href":"https:\/\/jms.com.bo\/mediamonitor\/wp-json\/wp\/v2\/tags?post=82230"}],"curies":[{"name":"wp","href":"https:\/\/api.w.org\/{rel}","templated":true}]}}