{"id":82232,"date":"2025-11-25T07:34:36","date_gmt":"2025-11-25T11:34:36","guid":{"rendered":"https:\/\/jms.com.bo\/mediamonitor\/2025\/11\/25\/la-cao-presiona-al-gobierno-para-que-apruebe-su-paquete-normativo\/"},"modified":"2025-11-25T07:34:36","modified_gmt":"2025-11-25T11:34:36","slug":"la-cao-presiona-al-gobierno-para-que-apruebe-su-paquete-normativo","status":"publish","type":"post","link":"https:\/\/jms.com.bo\/mediamonitor\/2025\/11\/25\/la-cao-presiona-al-gobierno-para-que-apruebe-su-paquete-normativo\/","title":{"rendered":"La CAO presiona al gobierno para que apruebe su paquete normativo"},"content":{"rendered":"<p style=\"text-align: justify;\">La C\u00e1mara Agropecuaria del Oriente (CAO) presiona al gobierno nacional para que se agende cuanto antes el tratamiento de leyes productiva y agropecuaria, y para que adem\u00e1s se apruebe decretos de impulso para diversas \u00e1reas del sector.<\/p>\n<p style=\"text-align: justify;\">En un contacto con Unitel, Klaus Frerking, presidente de la CAO, sostuvo que \u201cla aprobaci\u00f3n tiene que ser lo m\u00e1s antes posible. Venimos consensuando una ley nacional y decretos transversales a todos los rubros\u201d. El empresario enfatiz\u00f3 en la importancia de la diversidad agropecuaria para garantizar la producci\u00f3n de alimentos suficientes para el consumo interno y, de paso, \u201cpara sacar a Bolivia de la crisis\u201d.<\/p>\n<p style=\"text-align: justify;\">\u201cHemos sido claros con el gobierno y vamos a seguir insistiendo. Este martes, con la Confederaci\u00f3n Agropecuaria Nacional (Confeagro), vamos a estar reunidos, en La Paz, con el ministro Oscar Mario Justiniano y otros m\u00e1s, debatiendo toda esta agenda productiva y las propuestas a nivel nacional\u201d, declar\u00f3 a la red televisiva.<\/p>\n<p style=\"text-align: justify;\">El viernes pasado, en una primera reuni\u00f3n, directivos de la CAO y otros representantes del sector productivo entregaron al Ejecutivo un paquete de ocho propuestas de normativas, entre las que destacan: cuatro proyectos de ley contra el abigeato y el avasallamiento; la ley de conversi\u00f3n de peque\u00f1a a mediana propiedad agraria, y la modificaci\u00f3n de la verificaci\u00f3n de la funci\u00f3n econ\u00f3mica social (FES).<\/p>\n<p style=\"text-align: justify;\">Asimismo, sugieren acelerar otros cambios v\u00eda decreto: regular la introducci\u00f3n de organismos gen\u00e9ticamente modificados (OGM) y liberar las exportaciones de productos agropecuarios.<\/p>\n","protected":false},"excerpt":{"rendered":"<p>La C\u00e1mara Agropecuaria del Oriente (CAO) presiona al gobierno nacional para que se agende cuanto antes el tratamiento de leyes productiva y agropecuaria, y para que adem\u00e1s se apruebe decretos de impulso para diversas \u00e1reas del sector. En un contacto con Unitel, Klaus Frerking, presidente de la CAO, sostuvo que \u201cla aprobaci\u00f3n tiene que ser [&hellip;]<\/p>\n","protected":false},"author":2,"featured_media":82233,"comment_status":"closed","ping_status":"open","sticky":false,"template":"","format":"standard","meta":{"footnotes":""},"categories":[57],"tags":[],"class_list":{"0":"post-82232","1":"post","2":"type-post","3":"status-publish","4":"format-standard","5":"has-post-thumbnail","7":"category-alimentos-y-agroindustria"},"_links":{"self":[{"href":"https:\/\/jms.com.bo\/mediamonitor\/wp-json\/wp\/v2\/posts\/82232","targetHints":{"allow":["GET"]}}],"collection":[{"href":"https:\/\/jms.com.bo\/mediamonitor\/wp-json\/wp\/v2\/posts"}],"about":[{"href":"https:\/\/jms.com.bo\/mediamonitor\/wp-json\/wp\/v2\/types\/post"}],"author":[{"embeddable":true,"href":"https:\/\/jms.com.bo\/mediamonitor\/wp-json\/wp\/v2\/users\/2"}],"replies":[{"embeddable":true,"href":"https:\/\/jms.com.bo\/mediamonitor\/wp-json\/wp\/v2\/comments?post=82232"}],"version-history":[{"count":0,"href":"https:\/\/jms.com.bo\/mediamonitor\/wp-json\/wp\/v2\/posts\/82232\/revisions"}],"wp:featuredmedia":[{"embeddable":true,"href":"https:\/\/jms.com.bo\/mediamonitor\/wp-json\/wp\/v2\/media\/82233"}],"wp:attachment":[{"href":"https:\/\/jms.com.bo\/mediamonitor\/wp-json\/wp\/v2\/media?parent=82232"}],"wp:term":[{"taxonomy":"category","embeddable":true,"href":"https:\/\/jms.com.bo\/mediamonitor\/wp-json\/wp\/v2\/categories?post=82232"},{"taxonomy":"post_tag","embeddable":true,"href":"https:\/\/jms.com.bo\/mediamonitor\/wp-json\/wp\/v2\/tags?post=82232"}],"curies":[{"name":"wp","href":"https:\/\/api.w.org\/{rel}","templated":true}]}}