{"id":82236,"date":"2025-11-25T07:37:04","date_gmt":"2025-11-25T11:37:04","guid":{"rendered":"https:\/\/jms.com.bo\/mediamonitor\/2025\/11\/25\/pese-a-restricciones-exportaciones-de-carne-crecieron-76-en-2025\/"},"modified":"2025-11-25T07:37:04","modified_gmt":"2025-11-25T11:37:04","slug":"pese-a-restricciones-exportaciones-de-carne-crecieron-76-en-2025","status":"publish","type":"post","link":"https:\/\/jms.com.bo\/mediamonitor\/2025\/11\/25\/pese-a-restricciones-exportaciones-de-carne-crecieron-76-en-2025\/","title":{"rendered":"Pese a restricciones, exportaciones de carne crecieron 7,6% en 2025"},"content":{"rendered":"<p style=\"text-align: justify;\">Pese que la gesti\u00f3n del Movimiento Al Socialismo (MAS) impuso restricciones durante cuatro meses de 2025 a las exportaciones de carne de res, datos del Instituto Nacional de Estad\u00edstica (INE) muestran que las ventas crecieron en comparaci\u00f3n con 2024.<\/p>\n<p style=\"text-align: justify;\">Redondeando, entre enero y septiembre de este a\u00f1o el pa\u00eds export\u00f3 carne bovina por un valor de $us 155 millones, mientras que en la gesti\u00f3n anterior, en el mismo periodo de tiempo, las ventas externas fueron por $us 144 millones, lo que representa un crecimiento del 7,6%.<\/p>\n<p style=\"text-align: justify;\">La administraci\u00f3n del MAS prohibi\u00f3 en febrero emitir nuevos certificados de exportaci\u00f3n con el objetivo de generar mayor abastecimiento de carne en el mercado interno para que haya una reducci\u00f3n de precios, pero en junio decidi\u00f3 suspender esa medida.<\/p>\n<p style=\"text-align: justify;\">Exportaciones<br \/>\nDesde la C\u00e1mara Nacional de Exportadores de Bolivia (Caneb) esperan que la gesti\u00f3n de Rodrigo Paz Pereira elimine los cupos de abastecimiento interno para que las ventas externas puedan realizarse en mayores vol\u00famenes.<\/p>\n<p style=\"text-align: justify;\">\u201cEstamos esperando que podamos conocer pronto alg\u00fan decreto, alguna norma, que permita desmontar todo este sistema de cupos a la exportaci\u00f3n. Hemos tomado contacto con algunos ministros, viceministros que han coincidido en que ha sido una oferta electoral\u201d, afirm\u00f3 Marcelo Olgu\u00edn, gerente de la Caneb, en conferencia de prensa.<\/p>\n<p style=\"text-align: justify;\">De acuerdo con sus datos, Bolivia podr\u00eda exportar hasta 70.000 toneladas de carne a los mercados internacionales, sin descuidar el abastecimiento del producto en el mercado interno.<\/p>\n<p style=\"text-align: justify;\">Carne<br \/>\n\u201cTenemos un excedente que bien podr\u00eda incrementarse, bajo nuestros datos, alrededor de 60.000, 70.000 toneladas de carne de ganado de la especie bovina sin afectar a las condiciones del mercado interno\u201d, indic\u00f3.<\/p>\n<p style=\"text-align: justify;\">Olgu\u00edn se\u00f1al\u00f3 que el cupo que autoriz\u00f3 el MAS para esta gesti\u00f3n, de 44.000 toneladas, ya est\u00e1 con \u201ccondiciones a vencer pronto\u201d, por lo que pide que se avance con rapidez en la liberaci\u00f3n plena de las exportaciones. No obstante, desde el Gobierno piden paciencia al sector, pero aseguran que se cumplir\u00e1 esa medida.<\/p>\n<p style=\"text-align: justify;\">El domingo, el embajador de Bolivia en China, Hugo Siles, sostuvo que el pa\u00eds podr\u00eda triplicar sus ventas al mercado asi\u00e1tico con los nuevos protocolos que est\u00e1n en su \u00faltima fase.<\/p>\n","protected":false},"excerpt":{"rendered":"<p>Pese que la gesti\u00f3n del Movimiento Al Socialismo (MAS) impuso restricciones durante cuatro meses de 2025 a las exportaciones de carne de res, datos del Instituto Nacional de Estad\u00edstica (INE) muestran que las ventas crecieron en comparaci\u00f3n con 2024. Redondeando, entre enero y septiembre de este a\u00f1o el pa\u00eds export\u00f3 carne bovina por un valor [&hellip;]<\/p>\n","protected":false},"author":2,"featured_media":76744,"comment_status":"closed","ping_status":"open","sticky":false,"template":"","format":"standard","meta":{"footnotes":""},"categories":[57],"tags":[],"class_list":{"0":"post-82236","1":"post","2":"type-post","3":"status-publish","4":"format-standard","5":"has-post-thumbnail","7":"category-alimentos-y-agroindustria"},"_links":{"self":[{"href":"https:\/\/jms.com.bo\/mediamonitor\/wp-json\/wp\/v2\/posts\/82236","targetHints":{"allow":["GET"]}}],"collection":[{"href":"https:\/\/jms.com.bo\/mediamonitor\/wp-json\/wp\/v2\/posts"}],"about":[{"href":"https:\/\/jms.com.bo\/mediamonitor\/wp-json\/wp\/v2\/types\/post"}],"author":[{"embeddable":true,"href":"https:\/\/jms.com.bo\/mediamonitor\/wp-json\/wp\/v2\/users\/2"}],"replies":[{"embeddable":true,"href":"https:\/\/jms.com.bo\/mediamonitor\/wp-json\/wp\/v2\/comments?post=82236"}],"version-history":[{"count":0,"href":"https:\/\/jms.com.bo\/mediamonitor\/wp-json\/wp\/v2\/posts\/82236\/revisions"}],"wp:featuredmedia":[{"embeddable":true,"href":"https:\/\/jms.com.bo\/mediamonitor\/wp-json\/wp\/v2\/media\/76744"}],"wp:attachment":[{"href":"https:\/\/jms.com.bo\/mediamonitor\/wp-json\/wp\/v2\/media?parent=82236"}],"wp:term":[{"taxonomy":"category","embeddable":true,"href":"https:\/\/jms.com.bo\/mediamonitor\/wp-json\/wp\/v2\/categories?post=82236"},{"taxonomy":"post_tag","embeddable":true,"href":"https:\/\/jms.com.bo\/mediamonitor\/wp-json\/wp\/v2\/tags?post=82236"}],"curies":[{"name":"wp","href":"https:\/\/api.w.org\/{rel}","templated":true}]}}