{"id":82238,"date":"2025-11-25T07:45:15","date_gmt":"2025-11-25T11:45:15","guid":{"rendered":"https:\/\/jms.com.bo\/mediamonitor\/2025\/11\/25\/ya-suman-cinco-sectores-que-exigen-al-gobierno-poner-en-vigencia-la-ley-de-diferimiento-de-creditos\/"},"modified":"2025-11-25T07:45:15","modified_gmt":"2025-11-25T11:45:15","slug":"ya-suman-cinco-sectores-que-exigen-al-gobierno-poner-en-vigencia-la-ley-de-diferimiento-de-creditos","status":"publish","type":"post","link":"https:\/\/jms.com.bo\/mediamonitor\/2025\/11\/25\/ya-suman-cinco-sectores-que-exigen-al-gobierno-poner-en-vigencia-la-ley-de-diferimiento-de-creditos\/","title":{"rendered":"Ya suman cinco sectores que exigen al Gobierno poner en vigencia la Ley de Diferimiento de Cr\u00e9ditos"},"content":{"rendered":"<p style=\"text-align: justify;\">Ya suman cinco sectores que salieron a exigir al gobierno de Rodrigo Paz que ponga en vigencia la Ley de Diferimiento de Cr\u00e9ditos, debido a que sus ingresos fueron afectados por la crisis econ\u00f3mica y el encarecimiento de productos.<\/p>\n<p style=\"text-align: justify;\">La presidenta de la Confederaci\u00f3n Nacional de la Micro y Peque\u00f1a Empresa de Bolivia (CONAMYPE), Helen Rivero, inform\u00f3 que ma\u00f1ana se reunir\u00e1n en la ciudad de La Paz, gremiales, transportistas, cuenta provistas, ch\u00f3feres y microempresarios para definir medidas de presi\u00f3n contra el Gobierno por estar, supuestamente, en favor de la banca privada.<\/p>\n<p style=\"text-align: justify;\">\u201cNos reuniremos diferentes sectores para sacar una resoluci\u00f3n en conjunto y ver qu\u00e9 medidas vamos a tomar. No podemos esperar una semana m\u00e1s, ya que el gobierno sigue esperando la voluntad de los autoprorrogados que quieren bajar la ley. La ley es de estricto cumplimiento y se debe poner en vigencia ya\u201d, declar\u00f3 Rivero.<\/p>\n<p style=\"text-align: justify;\">ostuvo que las entidades que representan al sistema financiero del pa\u00eds presentaron medidas cautelares ante el Tribunal Constitucional, observando el proceso \u201cirregular que se ha seguido para la aprobaci\u00f3n de la ley, por lo que habr\u00e1 que ver que dice la justicia\u201d.<\/p>\n<p style=\"text-align: justify;\">Dicha normativa fue promulgada por el gobierno de Luis Arce y tambi\u00e9n se orden\u00f3 la reglamentaci\u00f3n, cuyo documento establece que el diferimiento de cr\u00e9ditos debe entrar en vigencia desde diciembre hasta mayo del 2026. Sin embargo, est\u00e1 paralizada y no hay luces sobre si se pondr\u00e1 en vigencia.<\/p>\n<p style=\"text-align: justify;\">Esta jornada lleg\u00f3 a la ciudad de La Paz una comitiva desde Santa Cruz, a la cabeza de Silvia Pacasi, para instalar un mitin de protesta contra el gobierno de Paz. La dirigente cuestion\u00f3 que las autoridades nacionales est\u00e9n m\u00e1s en favor de la banca privada y no del lado de los prestatarios que no pueden cumplir sus cuotas porque viven una crisis econ\u00f3mica.<\/p>\n<p style=\"text-align: justify;\">\u201cVamos a presentar las debidas cartas a las autoridades, empezando del se\u00f1or presidente y vicepresidente, como al Ministro de Econom\u00eda, haci\u00e9ndole conocer la necesidad que tiene el pueblo de un alivio financiero. Estamos empezando con las movilizaciones a partir de hoy\u201d, declar\u00f3 Pacasi.<\/p>\n<p style=\"text-align: justify;\">Todav\u00eda no existe una resoluci\u00f3n emitida por el Tribunal Constitucional Plurinacional sobre la ley de diferimiento de cr\u00e9ditos. El gobierno de Paz aguarda la decisi\u00f3n de los magistrados.<\/p>\n<p style=\"text-align: justify;\">Sobre el tema, Rivero sostuvo que los autoprorrogados no tienen moral y ni la autoridad para definir si la ley se paraliza o sigue su curso; en ese marco, conmin\u00f3 al Ministro de Econom\u00eda a poner en vigencia la norma de una vez.<\/p>\n","protected":false},"excerpt":{"rendered":"<p>Ya suman cinco sectores que salieron a exigir al gobierno de Rodrigo Paz que ponga en vigencia la Ley de Diferimiento de Cr\u00e9ditos, debido a que sus ingresos fueron afectados por la crisis econ\u00f3mica y el encarecimiento de productos. La presidenta de la Confederaci\u00f3n Nacional de la Micro y Peque\u00f1a Empresa de Bolivia (CONAMYPE), Helen [&hellip;]<\/p>\n","protected":false},"author":2,"featured_media":82239,"comment_status":"closed","ping_status":"open","sticky":false,"template":"","format":"standard","meta":{"footnotes":""},"categories":[49],"tags":[],"class_list":{"0":"post-82238","1":"post","2":"type-post","3":"status-publish","4":"format-standard","5":"has-post-thumbnail","7":"category-social"},"_links":{"self":[{"href":"https:\/\/jms.com.bo\/mediamonitor\/wp-json\/wp\/v2\/posts\/82238","targetHints":{"allow":["GET"]}}],"collection":[{"href":"https:\/\/jms.com.bo\/mediamonitor\/wp-json\/wp\/v2\/posts"}],"about":[{"href":"https:\/\/jms.com.bo\/mediamonitor\/wp-json\/wp\/v2\/types\/post"}],"author":[{"embeddable":true,"href":"https:\/\/jms.com.bo\/mediamonitor\/wp-json\/wp\/v2\/users\/2"}],"replies":[{"embeddable":true,"href":"https:\/\/jms.com.bo\/mediamonitor\/wp-json\/wp\/v2\/comments?post=82238"}],"version-history":[{"count":0,"href":"https:\/\/jms.com.bo\/mediamonitor\/wp-json\/wp\/v2\/posts\/82238\/revisions"}],"wp:featuredmedia":[{"embeddable":true,"href":"https:\/\/jms.com.bo\/mediamonitor\/wp-json\/wp\/v2\/media\/82239"}],"wp:attachment":[{"href":"https:\/\/jms.com.bo\/mediamonitor\/wp-json\/wp\/v2\/media?parent=82238"}],"wp:term":[{"taxonomy":"category","embeddable":true,"href":"https:\/\/jms.com.bo\/mediamonitor\/wp-json\/wp\/v2\/categories?post=82238"},{"taxonomy":"post_tag","embeddable":true,"href":"https:\/\/jms.com.bo\/mediamonitor\/wp-json\/wp\/v2\/tags?post=82238"}],"curies":[{"name":"wp","href":"https:\/\/api.w.org\/{rel}","templated":true}]}}