{"id":82240,"date":"2025-11-25T07:46:32","date_gmt":"2025-11-25T11:46:32","guid":{"rendered":"https:\/\/jms.com.bo\/mediamonitor\/2025\/11\/25\/panificadores-advierten-sobre-el-posible-aumento-del-pan-a-bs-1-mientras-el-gobierno-revisa-la-subvencion\/"},"modified":"2025-11-25T07:46:32","modified_gmt":"2025-11-25T11:46:32","slug":"panificadores-advierten-sobre-el-posible-aumento-del-pan-a-bs-1-mientras-el-gobierno-revisa-la-subvencion","status":"publish","type":"post","link":"https:\/\/jms.com.bo\/mediamonitor\/2025\/11\/25\/panificadores-advierten-sobre-el-posible-aumento-del-pan-a-bs-1-mientras-el-gobierno-revisa-la-subvencion\/","title":{"rendered":"Panificadores advierten sobre el posible aumento del pan a Bs 1 mientras el Gobierno revisa la subvenci\u00f3n"},"content":{"rendered":"<p style=\"text-align: justify;\">La postura de los panificadores no ha variado, han dado plazo al Gobierno hasta las 15:00 del mi\u00e9rcoles para que defina el futuro de la subvenci\u00f3n de la harina, ingrediente clave del pan de batalla.<\/p>\n<p style=\"text-align: justify;\">Si no obtienen una respuesta favorable incrementar\u00e1n el precio del pan de 50 centavos a Bs. 1. El Ejecutivo a\u00fan analiza el futuro de la subvenci\u00f3n.<\/p>\n<p style=\"text-align: justify;\">\u201cEn el ampliado se ha quedado que vamos a esperar hasta las 15:00, caso contrario no hay respuesta el jueves el pan sale con otro precio\u201d, explic\u00f3 uno de los panificadores de Villa El Carmen.<\/p>\n<p style=\"text-align: justify;\">\u201cYa son dos semanas que estamos sin pan marraqueta, en la tienda ya nadie tiene marraqueta, se ha quedado en eso y tenemos que acatar\u201d, a\u00f1adi\u00f3.<\/p>\n<p style=\"text-align: justify;\">El sector de los panificadores de La Paz espera una respuesta del Gobierno respecto a los insumos subvencionados para la elaboraci\u00f3n del pan de batalla.<\/p>\n<p style=\"text-align: justify;\">El viceministro de Comercio y Log\u00edstica Interna, Gustavo Serrano, garantiz\u00f3 el abastecimiento de pan y el mantenimiento de su precio en 50 centavos la unidad.<\/p>\n<p style=\"text-align: justify;\">\u201cPero m\u00e1s all\u00e1 de la subvenci\u00f3n o no, el precio no deber\u00eda variar en ning\u00fan momento en nuestro pa\u00eds y est\u00e1 garantizado tanto el abastecimiento como la estabilidad del precio de este pan en la mesa de la familia de los bolivianos\u201d, insisti\u00f3.<\/p>\n<p style=\"text-align: justify;\">Ampliado<\/p>\n<p style=\"text-align: justify;\">Durante un ampliado, los representantes del sector determinaron que, en caso de levantarse la subvenci\u00f3n, se ver\u00e1n obligados a aumentar el precio del producto a Bs 1 la unidad.<\/p>\n<p style=\"text-align: justify;\">\u201cEstamos a la espera de una respuesta favorable para la continuidad de la subvenci\u00f3n. De no ser as\u00ed, el jueves ya saldr\u00edamos con el precio de un boliviano por unidad\u201d, declar\u00f3 el dirigente Rub\u00e9n R\u00edos.<\/p>\n<p style=\"text-align: justify;\">La decisi\u00f3n se asumi\u00f3 en el ampliado en el que participaron m\u00e1s de 1.000 panificadores.<\/p>\n<p style=\"text-align: justify;\">El dirigente asegur\u00f3 que la medida ser\u00e1 nacional, si es que no tienen respuesta de las autoridades.<\/p>\n","protected":false},"excerpt":{"rendered":"<p>La postura de los panificadores no ha variado, han dado plazo al Gobierno hasta las 15:00 del mi\u00e9rcoles para que defina el futuro de la subvenci\u00f3n de la harina, ingrediente clave del pan de batalla. Si no obtienen una respuesta favorable incrementar\u00e1n el precio del pan de 50 centavos a Bs. 1. El Ejecutivo a\u00fan [&hellip;]<\/p>\n","protected":false},"author":2,"featured_media":82241,"comment_status":"closed","ping_status":"open","sticky":false,"template":"","format":"standard","meta":{"footnotes":""},"categories":[49],"tags":[],"class_list":{"0":"post-82240","1":"post","2":"type-post","3":"status-publish","4":"format-standard","5":"has-post-thumbnail","7":"category-social"},"_links":{"self":[{"href":"https:\/\/jms.com.bo\/mediamonitor\/wp-json\/wp\/v2\/posts\/82240","targetHints":{"allow":["GET"]}}],"collection":[{"href":"https:\/\/jms.com.bo\/mediamonitor\/wp-json\/wp\/v2\/posts"}],"about":[{"href":"https:\/\/jms.com.bo\/mediamonitor\/wp-json\/wp\/v2\/types\/post"}],"author":[{"embeddable":true,"href":"https:\/\/jms.com.bo\/mediamonitor\/wp-json\/wp\/v2\/users\/2"}],"replies":[{"embeddable":true,"href":"https:\/\/jms.com.bo\/mediamonitor\/wp-json\/wp\/v2\/comments?post=82240"}],"version-history":[{"count":0,"href":"https:\/\/jms.com.bo\/mediamonitor\/wp-json\/wp\/v2\/posts\/82240\/revisions"}],"wp:featuredmedia":[{"embeddable":true,"href":"https:\/\/jms.com.bo\/mediamonitor\/wp-json\/wp\/v2\/media\/82241"}],"wp:attachment":[{"href":"https:\/\/jms.com.bo\/mediamonitor\/wp-json\/wp\/v2\/media?parent=82240"}],"wp:term":[{"taxonomy":"category","embeddable":true,"href":"https:\/\/jms.com.bo\/mediamonitor\/wp-json\/wp\/v2\/categories?post=82240"},{"taxonomy":"post_tag","embeddable":true,"href":"https:\/\/jms.com.bo\/mediamonitor\/wp-json\/wp\/v2\/tags?post=82240"}],"curies":[{"name":"wp","href":"https:\/\/api.w.org\/{rel}","templated":true}]}}