{"id":82242,"date":"2025-11-25T07:47:27","date_gmt":"2025-11-25T11:47:27","guid":{"rendered":"https:\/\/jms.com.bo\/mediamonitor\/2025\/11\/25\/universidades-advierten-con-paralizar-actividades\/"},"modified":"2025-11-25T07:47:27","modified_gmt":"2025-11-25T11:47:27","slug":"universidades-advierten-con-paralizar-actividades","status":"publish","type":"post","link":"https:\/\/jms.com.bo\/mediamonitor\/2025\/11\/25\/universidades-advierten-con-paralizar-actividades\/","title":{"rendered":"Universidades advierten con paralizar actividades"},"content":{"rendered":"<p style=\"text-align: justify;\">Las universidades p\u00fablicas de Bolivia advierten que podr\u00edan quedar paralizadas antes de concluir la gesti\u00f3n en curso debido a que, desde octubre, no reciben los desembolsos de recursos econ\u00f3micos del Gobierno nacional. Exigen una reuni\u00f3n inmediata con el ministro de Econom\u00eda y Finanzas, Jos\u00e9 Gabriel Espinoza.<\/p>\n<p style=\"text-align: justify;\">\u201cNos hemos reunido con el secretario ejecutivo del Comit\u00e9 Ejecutivo de la Universidad Boliviana (CEUB), el ingeniero Freddy Mendoza, quien ha se\u00f1alado que tambi\u00e9n ha hecho cartas y representaciones hacia el nivel central en busca de una soluci\u00f3n a esta situaci\u00f3n\u201d, indic\u00f3 este lunes el rector de San Francisco Xavier, Walter Ar\u00edzaga.<\/p>\n<p style=\"text-align: justify;\">Explic\u00f3 que, desde el mes de octubre, ninguna de las universidades p\u00fablicas del pa\u00eds recibi\u00f3 el presupuesto mensual comprometido por el Gobierno, de acuerdo con el Plan Operativo Anual (POA) 2025, aprobado por todas las instancias el a\u00f1o pasado.<\/p>\n<p style=\"text-align: justify;\">En el caso de la Universidad San Francisco Xavier, Ar\u00edzaga detall\u00f3 que de octubre le corresponden Bs 25 millones y de noviembre, la misma cantidad. Es decir que el nivel central les adeuda Bs 50 millones.<\/p>\n<p style=\"text-align: justify;\">\u201cSe nos viene fin de a\u00f1o. A objeto de que no se pare la actividad en la Universidad, hemos hecho uso de otras partidas para cancelar salarios del mes de octubre, pero con dinero que hemos movido de otras fuentes de financiamiento y que tenemos que devolver\u201d, afirm\u00f3.<\/p>\n<p style=\"text-align: justify;\">\u201cA PUNTO DE PARAR\u201d<\/p>\n<p style=\"text-align: justify;\">Ar\u00edzaga manifest\u00f3 que, por falta del desembolso de estos recursos por parte del Gobierno, \u201clas universidades estar\u00edamos a punto de parar nuestras actividades\u201d.<\/p>\n<p style=\"text-align: justify;\">En ese sentido, dijo que convocaron al Ministro de Econom\u00eda y Finanzas P\u00fablicas a una reuni\u00f3n urgente, en la que asegur\u00f3 que dar\u00e1n a conocer la cr\u00edtica situaci\u00f3n que atraviesan las universidades por este motivo.<\/p>\n<p style=\"text-align: justify;\">\u201cPedimos reunirse con el Ministro el d\u00eda que sea; si es ma\u00f1ana (por este martes), ma\u00f1ana estaremos en La Paz, o si es el mi\u00e9rcoles, ese d\u00eda estaremos presentes porque no podemos seguir bajo estas circunstancias. Hay un riesgo serio de que se pare la Universidad porque si no tenemos dinero, \u00bfcon qu\u00e9 vamos a funcionar?\u201d, expres\u00f3 el Rector de San Francisco Xavier.<\/p>\n<p style=\"text-align: justify;\">Asimismo, anunci\u00f3 que el pr\u00f3ximo lunes 1 de diciembre se llevar\u00e1 a cabo una conferencia nacional del CEUB, en la que, en caso de no recibir los desembolsos correspondientes a octubre y noviembre, \u201cla Universidad boliviana tomar\u00e1 acciones\u201d.<\/p>\n<p style=\"text-align: justify;\">RECURSOS<\/p>\n<p style=\"text-align: justify;\">Las universidades p\u00fablicas del pa\u00eds reciben recursos por coparticipaci\u00f3n tributaria y por el Impuesto Directo a los Hidrocarburos (IDH).<\/p>\n","protected":false},"excerpt":{"rendered":"<p>Las universidades p\u00fablicas de Bolivia advierten que podr\u00edan quedar paralizadas antes de concluir la gesti\u00f3n en curso debido a que, desde octubre, no reciben los desembolsos de recursos econ\u00f3micos del Gobierno nacional. Exigen una reuni\u00f3n inmediata con el ministro de Econom\u00eda y Finanzas, Jos\u00e9 Gabriel Espinoza. \u201cNos hemos reunido con el secretario ejecutivo del Comit\u00e9 [&hellip;]<\/p>\n","protected":false},"author":2,"featured_media":82243,"comment_status":"closed","ping_status":"open","sticky":false,"template":"","format":"standard","meta":{"footnotes":""},"categories":[20],"tags":[],"class_list":{"0":"post-82242","1":"post","2":"type-post","3":"status-publish","4":"format-standard","5":"has-post-thumbnail","7":"category-actualidad"},"_links":{"self":[{"href":"https:\/\/jms.com.bo\/mediamonitor\/wp-json\/wp\/v2\/posts\/82242","targetHints":{"allow":["GET"]}}],"collection":[{"href":"https:\/\/jms.com.bo\/mediamonitor\/wp-json\/wp\/v2\/posts"}],"about":[{"href":"https:\/\/jms.com.bo\/mediamonitor\/wp-json\/wp\/v2\/types\/post"}],"author":[{"embeddable":true,"href":"https:\/\/jms.com.bo\/mediamonitor\/wp-json\/wp\/v2\/users\/2"}],"replies":[{"embeddable":true,"href":"https:\/\/jms.com.bo\/mediamonitor\/wp-json\/wp\/v2\/comments?post=82242"}],"version-history":[{"count":0,"href":"https:\/\/jms.com.bo\/mediamonitor\/wp-json\/wp\/v2\/posts\/82242\/revisions"}],"wp:featuredmedia":[{"embeddable":true,"href":"https:\/\/jms.com.bo\/mediamonitor\/wp-json\/wp\/v2\/media\/82243"}],"wp:attachment":[{"href":"https:\/\/jms.com.bo\/mediamonitor\/wp-json\/wp\/v2\/media?parent=82242"}],"wp:term":[{"taxonomy":"category","embeddable":true,"href":"https:\/\/jms.com.bo\/mediamonitor\/wp-json\/wp\/v2\/categories?post=82242"},{"taxonomy":"post_tag","embeddable":true,"href":"https:\/\/jms.com.bo\/mediamonitor\/wp-json\/wp\/v2\/tags?post=82242"}],"curies":[{"name":"wp","href":"https:\/\/api.w.org\/{rel}","templated":true}]}}