{"id":82247,"date":"2025-11-25T07:52:19","date_gmt":"2025-11-25T11:52:19","guid":{"rendered":"https:\/\/jms.com.bo\/mediamonitor\/2025\/11\/25\/subnacionales-tse-fija-plazo-para-inscribir-candidatos\/"},"modified":"2025-11-25T07:52:19","modified_gmt":"2025-11-25T11:52:19","slug":"subnacionales-tse-fija-plazo-para-inscribir-candidatos","status":"publish","type":"post","link":"https:\/\/jms.com.bo\/mediamonitor\/2025\/11\/25\/subnacionales-tse-fija-plazo-para-inscribir-candidatos\/","title":{"rendered":"Subnacionales: TSE fija plazo para inscribir candidatos"},"content":{"rendered":"<p style=\"text-align: justify;\">El secretario de C\u00e1mara del Tribunal Supremo Electoral (TSE) Fernando Arteaga, inform\u00f3 que hasta mediados de diciembre las agrupaciones pol\u00edticas y organizaciones ciudadanas tienen plazo para registrar las alianzas y a sus candidatos para participar en las elecciones subnacionales.<\/p>\n<p style=\"text-align: justify;\">Las elecciones subnacionales en Bolivia est\u00e1n programadas para marzo de 2026<\/p>\n<p style=\"text-align: justify;\">\u201cPara la inscripci\u00f3n de candidatos, este paso es previo para ambas figuras, sea alianza o inscripci\u00f3n individual, debe existir una acreditaci\u00f3n de que el partido haya aprobado la alianza o la inscripci\u00f3n de candidatos mediante actas notariadas. A\u00fan se est\u00e1 ajustando la fecha\u201d, explic\u00f3.<\/p>\n<p style=\"text-align: justify;\">Arteaga dijo que un requisito indispensable es la presentaci\u00f3n de las actas notariadas de los partidos pol\u00edticos o alianzas que pretenden participar en las elecciones subnacionales.<\/p>\n<p style=\"text-align: justify;\">El TSE confirm\u00f3 que las elecciones subnacionales se celebrar\u00e1n el 22 de marzo de 2026 y que el calendario electoral oficial ser\u00e1 difundido pr\u00f3ximamente, el cual considerar\u00e1 la posibilidad de una segunda vuelta para las gobernaciones y la apertura del padr\u00f3n electoral en diciembre.<\/p>\n<p style=\"text-align: justify;\">En los pr\u00f3ximos d\u00edas haremos conocer, precisamente, el calendario. Para la realizaci\u00f3n de la segunda vuelta, la ley fija un principio, que debe realizarse dentro de los 40 d\u00edas despu\u00e9s de la primera vuelta. Entonces, tenemos un espacio de fecha que podemos utilizar\u201d, inform\u00f3 el presidente del ente electoral, Oscar Hassenteufel.<\/p>\n<p style=\"text-align: justify;\">Vocales<\/p>\n<p style=\"text-align: justify;\">Por otro lado, el vocal del Tribunal Electoral Departamental (TED) de La Paz, Sabino Ch\u00e1vez, confirm\u00f3 que las autoridades electorales del pa\u00eds cumplir\u00e1n su mandato hasta el 19 de diciembre, fecha para la cual fueron designados en 2019. Aclar\u00f3 que el \u00d3rgano Electoral no tiene la facultad para autoprorrogarse y que cualquier decisi\u00f3n sobre la continuidad institucional corresponde exclusivamente a la Asamblea Legislativa Plurinacional.<\/p>\n<p style=\"text-align: justify;\">\u201cNosotros tenemos un mandato. Hasta el d\u00eda 19 las actividades que nos toca realizar vamos a cumplir, y de ah\u00ed para adelante ya seguramente la Asamblea Legislativa ver\u00e1 cu\u00e1l es el siguiente camino\u201d, afirm\u00f3 Ch\u00e1vez.<\/p>\n<p style=\"text-align: justify;\">La autoridad remarc\u00f3 que no puede existir un vac\u00edo institucional, ya que las salas plenas de los tribunales electorales se instalan con qu\u00f3rum de tres vocales, y las resoluciones, tanto administrativas como jurisdiccionales, se aprueban por mayor\u00eda.<\/p>\n<p style=\"text-align: justify;\">Ch\u00e1vez diferenci\u00f3 los conceptos de pr\u00f3rroga y alargamiento de mandato, se\u00f1alando que este \u00faltimo s\u00ed ha ocurrido en casos anteriores, como en las autoridades nacionales y subnacionales durante los procesos electorales de 2020 y 2021. Sin embargo, enfatiz\u00f3 que el TSE no emiti\u00f3 ninguna resoluci\u00f3n que pueda interpretarse como una autopr\u00f3rroga.<\/p>\n<p style=\"text-align: justify;\">Record\u00f3 que los vocales fueron designados el 19 de diciembre de 2019: seis en el Tribunal Supremo Electoral y cuatro en cada Tribunal Electoral Departamental, con un vocal adicional para completar cinco en los TED y otro en el Tribunal Supremo Electoral.<\/p>\n<p style=\"text-align: justify;\">Explic\u00f3 que los casos de autoridades que cumplir\u00edan un periodo menor corresponden \u00fanicamente a vocales que ingresaron como complementaci\u00f3n por renuncia, pero todos, titulares y suplentes, culminan su mandato el mismo d\u00eda.<\/p>\n","protected":false},"excerpt":{"rendered":"<p>El secretario de C\u00e1mara del Tribunal Supremo Electoral (TSE) Fernando Arteaga, inform\u00f3 que hasta mediados de diciembre las agrupaciones pol\u00edticas y organizaciones ciudadanas tienen plazo para registrar las alianzas y a sus candidatos para participar en las elecciones subnacionales. Las elecciones subnacionales en Bolivia est\u00e1n programadas para marzo de 2026 \u201cPara la inscripci\u00f3n de candidatos, [&hellip;]<\/p>\n","protected":false},"author":2,"featured_media":82248,"comment_status":"closed","ping_status":"open","sticky":false,"template":"","format":"standard","meta":{"footnotes":""},"categories":[18],"tags":[],"class_list":{"0":"post-82247","1":"post","2":"type-post","3":"status-publish","4":"format-standard","5":"has-post-thumbnail","7":"category-politica"},"_links":{"self":[{"href":"https:\/\/jms.com.bo\/mediamonitor\/wp-json\/wp\/v2\/posts\/82247","targetHints":{"allow":["GET"]}}],"collection":[{"href":"https:\/\/jms.com.bo\/mediamonitor\/wp-json\/wp\/v2\/posts"}],"about":[{"href":"https:\/\/jms.com.bo\/mediamonitor\/wp-json\/wp\/v2\/types\/post"}],"author":[{"embeddable":true,"href":"https:\/\/jms.com.bo\/mediamonitor\/wp-json\/wp\/v2\/users\/2"}],"replies":[{"embeddable":true,"href":"https:\/\/jms.com.bo\/mediamonitor\/wp-json\/wp\/v2\/comments?post=82247"}],"version-history":[{"count":0,"href":"https:\/\/jms.com.bo\/mediamonitor\/wp-json\/wp\/v2\/posts\/82247\/revisions"}],"wp:featuredmedia":[{"embeddable":true,"href":"https:\/\/jms.com.bo\/mediamonitor\/wp-json\/wp\/v2\/media\/82248"}],"wp:attachment":[{"href":"https:\/\/jms.com.bo\/mediamonitor\/wp-json\/wp\/v2\/media?parent=82247"}],"wp:term":[{"taxonomy":"category","embeddable":true,"href":"https:\/\/jms.com.bo\/mediamonitor\/wp-json\/wp\/v2\/categories?post=82247"},{"taxonomy":"post_tag","embeddable":true,"href":"https:\/\/jms.com.bo\/mediamonitor\/wp-json\/wp\/v2\/tags?post=82247"}],"curies":[{"name":"wp","href":"https:\/\/api.w.org\/{rel}","templated":true}]}}