{"id":82249,"date":"2025-11-25T07:54:01","date_gmt":"2025-11-25T11:54:01","guid":{"rendered":"https:\/\/jms.com.bo\/mediamonitor\/2025\/11\/25\/lara-frente-a-un-grupo-de-militares-llegare-mas-alla-siempre-y-cuando-ustedes-me-respalden\/"},"modified":"2025-11-25T07:54:01","modified_gmt":"2025-11-25T11:54:01","slug":"lara-frente-a-un-grupo-de-militares-llegare-mas-alla-siempre-y-cuando-ustedes-me-respalden","status":"publish","type":"post","link":"https:\/\/jms.com.bo\/mediamonitor\/2025\/11\/25\/lara-frente-a-un-grupo-de-militares-llegare-mas-alla-siempre-y-cuando-ustedes-me-respalden\/","title":{"rendered":"Lara, frente a un grupo de militares: \u201cLlegar\u00e9 m\u00e1s all\u00e1 siempre y cuando ustedes me respalden\u201d"},"content":{"rendered":"<p style=\"text-align: justify;\">El vicepresidente Edmand Lara, durante su visita a Cochabamba este lunes, afirm\u00f3 frente a un grupo de militares: \u00abTengo la verdad, y con la verdad he llegado donde estoy; y m\u00e1s all\u00e1 voy a llegar siempre y cuando me respalden\u00bb.<\/p>\n<p style=\"text-align: justify;\">Parado frente a los uniformados, la autoridad manifest\u00f3 que no hay que volver al pasado, que ya se abri\u00f3 una puerta y que, actualmente, \u201cya no es la revoluci\u00f3n del fusil, es la revoluci\u00f3n del conocimiento\u201d, enfatizando que no busca \u201cconvulsionar el pa\u00eds, sino hacer una revoluci\u00f3n democr\u00e1tica, queremos gente proba\u201d.<\/p>\n<p style=\"text-align: justify;\">En su discurso, tambi\u00e9n rodeado por sus seguidores, Lara arremeti\u00f3 contra los medios, a quienes acus\u00f3 de estar \u201cvendidos al gobierno de turno a cambio de publicidad\u201d, y asegur\u00f3 que por esta raz\u00f3n empezaron a atacarlo.<\/p>\n<p style=\"text-align: justify;\">Alentado y respaldado por sus partidarios, Lara finaliz\u00f3 su discurso reiterando que participar\u00e1 en las elecciones subnacionales con su propio partido y cuestion\u00f3 el regreso del Movimiento de Izquierda Revolucionaria (MIR), liderado por Jaime Paz Zamora, padre del actual presidente Rodrigo Paz, al terreno electoral.<\/p>\n<p style=\"text-align: justify;\">\u00abEn las subnacionales vamos a ir con proyecto propio; no vamos a ser escalera nunca m\u00e1s. \u00bfCu\u00e1ndo se ha visto que resuciten partidos que han perdido su personer\u00eda jur\u00eddica? El MIR ha resucitado. La corrupci\u00f3n hay que denunciarla, venga de donde venga\u00bb, se\u00f1al\u00f3.<\/p>\n<p style=\"text-align: justify;\">El vicepresidente particip\u00f3 este lunes en la sesi\u00f3n de honor por el 111\u00ba aniversario del municipio de Arani, en Cochabamba. Lara lleg\u00f3 acompa\u00f1ado de su esposa, la diputada cruce\u00f1a Diana Romero, quien no particip\u00f3 en la elecci\u00f3n de la Brigada Parlamentaria que se realiz\u00f3 esa misma ma\u00f1ana en Santa Cruz de la Sierra.<\/p>\n","protected":false},"excerpt":{"rendered":"<p>El vicepresidente Edmand Lara, durante su visita a Cochabamba este lunes, afirm\u00f3 frente a un grupo de militares: \u00abTengo la verdad, y con la verdad he llegado donde estoy; y m\u00e1s all\u00e1 voy a llegar siempre y cuando me respalden\u00bb. Parado frente a los uniformados, la autoridad manifest\u00f3 que no hay que volver al pasado, [&hellip;]<\/p>\n","protected":false},"author":2,"featured_media":82250,"comment_status":"closed","ping_status":"open","sticky":false,"template":"","format":"standard","meta":{"footnotes":""},"categories":[18],"tags":[],"class_list":{"0":"post-82249","1":"post","2":"type-post","3":"status-publish","4":"format-standard","5":"has-post-thumbnail","7":"category-politica"},"_links":{"self":[{"href":"https:\/\/jms.com.bo\/mediamonitor\/wp-json\/wp\/v2\/posts\/82249","targetHints":{"allow":["GET"]}}],"collection":[{"href":"https:\/\/jms.com.bo\/mediamonitor\/wp-json\/wp\/v2\/posts"}],"about":[{"href":"https:\/\/jms.com.bo\/mediamonitor\/wp-json\/wp\/v2\/types\/post"}],"author":[{"embeddable":true,"href":"https:\/\/jms.com.bo\/mediamonitor\/wp-json\/wp\/v2\/users\/2"}],"replies":[{"embeddable":true,"href":"https:\/\/jms.com.bo\/mediamonitor\/wp-json\/wp\/v2\/comments?post=82249"}],"version-history":[{"count":0,"href":"https:\/\/jms.com.bo\/mediamonitor\/wp-json\/wp\/v2\/posts\/82249\/revisions"}],"wp:featuredmedia":[{"embeddable":true,"href":"https:\/\/jms.com.bo\/mediamonitor\/wp-json\/wp\/v2\/media\/82250"}],"wp:attachment":[{"href":"https:\/\/jms.com.bo\/mediamonitor\/wp-json\/wp\/v2\/media?parent=82249"}],"wp:term":[{"taxonomy":"category","embeddable":true,"href":"https:\/\/jms.com.bo\/mediamonitor\/wp-json\/wp\/v2\/categories?post=82249"},{"taxonomy":"post_tag","embeddable":true,"href":"https:\/\/jms.com.bo\/mediamonitor\/wp-json\/wp\/v2\/tags?post=82249"}],"curies":[{"name":"wp","href":"https:\/\/api.w.org\/{rel}","templated":true}]}}